{"id":7361,"date":"2025-11-10T17:32:24","date_gmt":"2025-11-10T20:32:24","guid":{"rendered":"https:\/\/adm.org.ar\/newsite\/?p=7361"},"modified":"2025-11-19T11:37:05","modified_gmt":"2025-11-19T14:37:05","slug":"honrando-el-camino-recorrido-nuevas-autoridades-en-adm","status":"publish","type":"post","link":"https:\/\/adm.org.ar\/newsite\/honrando-el-camino-recorrido-nuevas-autoridades-en-adm\/","title":{"rendered":"Honrando el camino recorrido: nuevas autoridades en ADM"},"content":{"rendered":"<div class=\"wp-block-image\">\n<figure class=\"aligncenter size-full is-resized\"><img fetchpriority=\"high\" decoding=\"async\" width=\"882\" height=\"340\" src=\"https:\/\/adm.org.ar\/newsite\/wp-content\/uploads\/2023\/08\/ADM_Logo_2021.png\" alt=\"\" class=\"wp-image-11\" style=\"width:474px;height:auto\" srcset=\"https:\/\/adm.org.ar\/newsite\/wp-content\/uploads\/2023\/08\/ADM_Logo_2021.png 882w, https:\/\/adm.org.ar\/newsite\/wp-content\/uploads\/2023\/08\/ADM_Logo_2021-300x116.png 300w, https:\/\/adm.org.ar\/newsite\/wp-content\/uploads\/2023\/08\/ADM_Logo_2021-768x296.png 768w\" sizes=\"(max-width: 882px) 100vw, 882px\" \/><\/figure>\n<\/div>\n\n\n<p><br><em>ADM inicia una nueva etapa con la renovaci\u00f3n de su Comisi\u00f3n Directiva. Acompa\u00f1amos este cambio honrando el valioso recorrido de quienes dedicaron a\u00f1os de compromiso a la organizaci\u00f3n y damos la bienvenida a quienes asumir\u00e1n su conducci\u00f3n en este nuevo ciclo.<\/em><\/p>\n\n\n\n<p>Desde el mes de octubre de 2025, ADM cuenta con una nueva Comisi\u00f3n Directiva.<\/p>\n\n\n\n<p>Antes de presentarles a sus integrantes, queremos expresar un profundo y sentido agradecimiento a la comisi\u00f3n saliente y, hacer una especial menci\u00f3n a la memoria de <strong>Rosana Langone<\/strong>, quien estuvo comprometida con ADM durante m\u00e1s de 20 a\u00f1os, no solo en cargos de responsabilidad institucional, sino tambi\u00e9n con activa participaci\u00f3n en Proyectos y actividades, aportando su experiencia y conocimiento.\u00a0<\/p>\n\n\n\n<p>Tambi\u00e9n agradecer especialmente a Adriana Parisi, Edgardo Multare, Bety Piotrowsky y Santiago Ordo\u00f1ez. Personas que durante los \u00faltimos a\u00f1os han sido fundamentales en la historia institucional de ADM y en el crecimiento de la comunidad que la sostiene.<\/p>\n\n\n\n<h3 class=\"wp-block-heading\">Gracias Adriana&nbsp;<\/h3>\n\n\n\n<p>Agradecemos especialmente a Adriana por su extenso compromiso con la Asociaci\u00f3n: cinco a\u00f1os como Presidenta, y posteriormente, como Secretaria y referente institucional. Adriana ide\u00f3 el Programa de Acci\u00f3n Legal y Social \u2013PALS\u2013, all\u00e1 por el 2012 y desde entonces, acompa\u00f1a con estrategia, empat\u00eda y firme convicci\u00f3n la lucha por el acceso a derechos de ni\u00f1os, j\u00f3venes y sus familias, de todo el pa\u00eds. Tambi\u00e9n impuls\u00f3 en 2020 la incorporaci\u00f3n del entonces \u201cGrupo LGMD Argentina\u201d al equipo de ADM como Grupo LGMD, comprendiendo la necesidad de aunar esfuerzos para construir lazos nacionales e internacionales que favorezcan diagn\u00f3sticos, tratamientos, investigaci\u00f3n cl\u00ednica y cient\u00edfica, asistencia social, difusi\u00f3n y concientizaci\u00f3n. Gracias Adriana por estos catorce a\u00f1os en los que fuiste garante, sost\u00e9n y guardiana de la identidad, la fuerza y la continuidad de ADM y su comunidad.&nbsp;<\/p>\n\n\n\n<h3 class=\"wp-block-heading\">Gracias Bety<\/h3>\n\n\n\n<p>Celebramos con enorme gratitud los a\u00f1os de MostrArte, Picnics, Charlas Anuales y tantas iniciativas que Bety impuls\u00f3 desde su rol como miembro activa de la Comisi\u00f3n Directiva, siempre con una mirada c\u00e1lida, cercana y conciliadora. Su labor se caracteriz\u00f3 por una escucha atenta a las necesidades de la comunidad y por la creaci\u00f3n de espacios de encuentro, pertenencia e inclusi\u00f3n que pusieron en valor las capacidades de las personas con ENM, especialmente a trav\u00e9s de la expresi\u00f3n art\u00edstica. Gracias, Bety por fortalecer los lazos que hacen de ADM una gran comunidad.<\/p>\n\n\n\n<h3 class=\"wp-block-heading\">Gracias Edgardo<\/h3>\n\n\n\n<p>Agradecemos especialmente a Edgardo, quien adem\u00e1s de ocupar distintos roles de conducci\u00f3n institucional, impuls\u00f3 a ADM hacia la vanguardia del acceso a la informaci\u00f3n. Gracias a su mirada innovadora y su compromiso, se desarrollaron bases de datos, el Registro de Enfermedades Neuromusculares, la p\u00e1gina web de ADM y numerosas iniciativas que, en su momento, fueron verdaderamente de avanzada. Su aporte dej\u00f3 una huella profunda en la historia y el crecimiento de nuestra organizaci\u00f3n.<\/p>\n\n\n\n<h3 class=\"wp-block-heading\">Gracias Santiago<\/h3>\n\n\n\n<p>Nuestro reconocimiento tambi\u00e9n a Santiago Ordo\u00f1ez, quien durante los \u00faltimos nueve a\u00f1os lider\u00f3 la organizaci\u00f3n no solo a nivel nacional sino tambi\u00e9n en espacios regionales e internacionales, llegando a&nbsp; integrar el Board de la Word Duchenne Organization \u2013WDO\u2013 y a ocupar la Presidencia de la Federaci\u00f3n Latinoamericana de Distrofia Muscular \u2013FEDIMLAT\u2014. A Santiago le debemos gran parte de las iniciativas m\u00e1s relevantes de los \u00faltimos a\u00f1os y la impronta de compromiso, vocaci\u00f3n de servicio y profunda confianza en los valores, la misi\u00f3n y la visi\u00f3n de ADM, que supo llevar como bandera en cada uno de los espacios que represent\u00f3 e iniciativas que lider\u00f3.&nbsp;<\/p>\n\n\n\n<p>Adriana, Bety, Egardo y Santiago, aunque ya no ocupen cargos directivos, seguir\u00e1n siendo voluntarios y miembros de la amplia comunidad de ADM, permiti\u00e9ndonos continuar contando con su experiencia, mirada estrat\u00e9gica y expertise en todos los temas que hacen a la labor de ADM.<\/p>\n\n\n\n<h2 class=\"wp-block-heading\">Nueva Comisi\u00f3n Directiva<\/h2>\n\n\n\n<p>Damos la bienvenida a <strong>la nueva Comisi\u00f3n Directiva de ADM<\/strong>, integrada por personas con s\u00f3lida trayectoria dentro de la organizaci\u00f3n, voluntarios incansables y voces comprometidas que hoy decidieron dar un paso m\u00e1s en su camino junto a ADM, asumiendo el desaf\u00edo de su conducci\u00f3n institucional.<\/p>\n\n\n\n<p>La nueva Comisi\u00f3n Directiva qued\u00f3 conformada de la siguiente manera:<\/p>\n\n\n\n<ul class=\"wp-block-list\">\n<li>Presidente: <strong>Daniel Salvatierra<\/strong><\/li>\n\n\n\n<li>Tesorero: <strong>Miguel \u00c1ngel Montenegro<\/strong><\/li>\n\n\n\n<li>Secretaria: <strong>Mar\u00eda Dolores Su\u00e1rez Carreras<\/strong><\/li>\n\n\n\n<li>Vocal 1:<strong> Carlos Domingo Di Giacomo<\/strong><\/li>\n\n\n\n<li>Vocal 2: <strong>Eleonora Ver\u00f3nica Kaiser Contes<\/strong><\/li>\n\n\n\n<li>Vocal 3: <strong>Evangelina Raquel Garc\u00eda Bava<\/strong><\/li>\n\n\n\n<li>Revisor de Cuentas 1: <strong>Jos\u00e9 Ram\u00f3n Corderi<\/strong><\/li>\n\n\n\n<li>Revisora de Cuentas 2:<strong> Mar\u00eda Fernanda Merluccio<\/strong><\/li>\n<\/ul>\n\n\n\n<p>En un contexto desafiante, donde las organizaciones sociales enfrentamos realidades cambiantes y exigentes, esta nueva Comisi\u00f3n inicia su gesti\u00f3n con la convicci\u00f3n, el compromiso y la fortaleza que ya conocemos en cada una y cada uno de sus integrantes. Confiamos plenamente en su capacidad para honrar el camino recorrido y continuar construyendo, con mirada estrat\u00e9gica y humana, el presente y el futuro de ADM.<\/p>\n","protected":false},"excerpt":{"rendered":"<p>ADM inicia una nueva etapa con la renovaci\u00f3n de su Comisi\u00f3n Directiva. Acompa\u00f1amos este cambio honrando el valioso recorrido de quienes dedicaron a\u00f1os de compromiso a la organizaci\u00f3n y damos la bienvenida a quienes asumir\u00e1n su conducci\u00f3n en este nuevo ciclo. Desde el mes de octubre de 2025, ADM cuenta con una nueva Comisi\u00f3n Directiva. [&hellip;]<\/p>\n","protected":false},"author":2,"featured_media":11,"comment_status":"closed","ping_status":"closed","sticky":false,"template":"","format":"standard","meta":{"_joinchat":[],"footnotes":""},"categories":[14],"tags":[51,74],"class_list":["post-7361","post","type-post","status-publish","format-standard","has-post-thumbnail","hentry","category-noticias","tag-adm","tag-autoridades"],"yoast_head":"<!-- This site is optimized with the Yoast SEO plugin v27.1.1 - https:\/\/yoast.com\/product\/yoast-seo-wordpress\/ -->\n<title>Honrando el camino recorrido: nuevas autoridades en ADM - ADM Argentina<\/title>\n<meta name=\"robots\" content=\"index, follow, max-snippet:-1, max-image-preview:large, max-video-preview:-1\" \/>\n<link rel=\"canonical\" href=\"https:\/\/adm.org.ar\/newsite\/honrando-el-camino-recorrido-nuevas-autoridades-en-adm\/\" \/>\n<meta property=\"og:locale\" content=\"es_ES\" \/>\n<meta property=\"og:type\" content=\"article\" \/>\n<meta property=\"og:title\" content=\"Honrando el camino recorrido: nuevas autoridades en ADM - ADM Argentina\" \/>\n<meta property=\"og:description\" content=\"ADM inicia una nueva etapa con la renovaci\u00f3n de su Comisi\u00f3n Directiva. Acompa\u00f1amos este cambio honrando el valioso recorrido de quienes dedicaron a\u00f1os de compromiso a la organizaci\u00f3n y damos la bienvenida a quienes asumir\u00e1n su conducci\u00f3n en este nuevo ciclo. Desde el mes de octubre de 2025, ADM cuenta con una nueva Comisi\u00f3n Directiva. [&hellip;]\" \/>\n<meta property=\"og:url\" content=\"https:\/\/adm.org.ar\/newsite\/honrando-el-camino-recorrido-nuevas-autoridades-en-adm\/\" \/>\n<meta property=\"og:site_name\" content=\"ADM Argentina\" \/>\n<meta property=\"article:publisher\" content=\"https:\/\/www.facebook.com\/adm.argentina\" \/>\n<meta property=\"article:published_time\" content=\"2025-11-10T20:32:24+00:00\" \/>\n<meta property=\"article:modified_time\" content=\"2025-11-19T14:37:05+00:00\" \/>\n<meta property=\"og:image\" content=\"https:\/\/adm.org.ar\/newsite\/wp-content\/uploads\/2023\/08\/ADM_Logo_2021.png\" \/>\n\t<meta property=\"og:image:width\" content=\"882\" \/>\n\t<meta property=\"og:image:height\" content=\"340\" \/>\n\t<meta property=\"og:image:type\" content=\"image\/png\" \/>\n<meta name=\"author\" content=\"ADM Argentina\" \/>\n<meta name=\"twitter:card\" content=\"summary_large_image\" \/>\n<meta name=\"twitter:label1\" content=\"Escrito por\" \/>\n\t<meta name=\"twitter:data1\" content=\"ADM Argentina\" \/>\n\t<meta name=\"twitter:label2\" content=\"Tiempo de lectura\" \/>\n\t<meta name=\"twitter:data2\" content=\"4 minutos\" \/>\n<script type=\"application\/ld+json\" class=\"yoast-schema-graph\">{\"@context\":\"https:\/\/schema.org\",\"@graph\":[{\"@type\":\"Article\",\"@id\":\"https:\/\/adm.org.ar\/newsite\/honrando-el-camino-recorrido-nuevas-autoridades-en-adm\/#article\",\"isPartOf\":{\"@id\":\"https:\/\/adm.org.ar\/newsite\/honrando-el-camino-recorrido-nuevas-autoridades-en-adm\/\"},\"author\":{\"name\":\"ADM Argentina\",\"@id\":\"https:\/\/adm.org.ar\/newsite\/#\/schema\/person\/0af0fda8588cf6d50ba30373828b3a58\"},\"headline\":\"Honrando el camino recorrido: nuevas autoridades en ADM\",\"datePublished\":\"2025-11-10T20:32:24+00:00\",\"dateModified\":\"2025-11-19T14:37:05+00:00\",\"mainEntityOfPage\":{\"@id\":\"https:\/\/adm.org.ar\/newsite\/honrando-el-camino-recorrido-nuevas-autoridades-en-adm\/\"},\"wordCount\":854,\"publisher\":{\"@id\":\"https:\/\/adm.org.ar\/newsite\/#organization\"},\"image\":{\"@id\":\"https:\/\/adm.org.ar\/newsite\/honrando-el-camino-recorrido-nuevas-autoridades-en-adm\/#primaryimage\"},\"thumbnailUrl\":\"https:\/\/adm.org.ar\/newsite\/wp-content\/uploads\/2023\/08\/ADM_Logo_2021.png\",\"keywords\":[\"adm\",\"autoridades\"],\"articleSection\":[\"Noticias\"],\"inLanguage\":\"es-AR\"},{\"@type\":\"WebPage\",\"@id\":\"https:\/\/adm.org.ar\/newsite\/honrando-el-camino-recorrido-nuevas-autoridades-en-adm\/\",\"url\":\"https:\/\/adm.org.ar\/newsite\/honrando-el-camino-recorrido-nuevas-autoridades-en-adm\/\",\"name\":\"Honrando el camino recorrido: nuevas autoridades en ADM - ADM Argentina\",\"isPartOf\":{\"@id\":\"https:\/\/adm.org.ar\/newsite\/#website\"},\"primaryImageOfPage\":{\"@id\":\"https:\/\/adm.org.ar\/newsite\/honrando-el-camino-recorrido-nuevas-autoridades-en-adm\/#primaryimage\"},\"image\":{\"@id\":\"https:\/\/adm.org.ar\/newsite\/honrando-el-camino-recorrido-nuevas-autoridades-en-adm\/#primaryimage\"},\"thumbnailUrl\":\"https:\/\/adm.org.ar\/newsite\/wp-content\/uploads\/2023\/08\/ADM_Logo_2021.png\",\"datePublished\":\"2025-11-10T20:32:24+00:00\",\"dateModified\":\"2025-11-19T14:37:05+00:00\",\"breadcrumb\":{\"@id\":\"https:\/\/adm.org.ar\/newsite\/honrando-el-camino-recorrido-nuevas-autoridades-en-adm\/#breadcrumb\"},\"inLanguage\":\"es-AR\",\"potentialAction\":[{\"@type\":\"ReadAction\",\"target\":[\"https:\/\/adm.org.ar\/newsite\/honrando-el-camino-recorrido-nuevas-autoridades-en-adm\/\"]}]},{\"@type\":\"ImageObject\",\"inLanguage\":\"es-AR\",\"@id\":\"https:\/\/adm.org.ar\/newsite\/honrando-el-camino-recorrido-nuevas-autoridades-en-adm\/#primaryimage\",\"url\":\"https:\/\/adm.org.ar\/newsite\/wp-content\/uploads\/2023\/08\/ADM_Logo_2021.png\",\"contentUrl\":\"https:\/\/adm.org.ar\/newsite\/wp-content\/uploads\/2023\/08\/ADM_Logo_2021.png\",\"width\":882,\"height\":340},{\"@type\":\"BreadcrumbList\",\"@id\":\"https:\/\/adm.org.ar\/newsite\/honrando-el-camino-recorrido-nuevas-autoridades-en-adm\/#breadcrumb\",\"itemListElement\":[{\"@type\":\"ListItem\",\"position\":1,\"name\":\"Inicio\",\"item\":\"https:\/\/adm.org.ar\/newsite\/\"},{\"@type\":\"ListItem\",\"position\":2,\"name\":\"Honrando el camino recorrido: nuevas autoridades en ADM\"}]},{\"@type\":\"WebSite\",\"@id\":\"https:\/\/adm.org.ar\/newsite\/#website\",\"url\":\"https:\/\/adm.org.ar\/newsite\/\",\"name\":\"ADM Argentina\",\"description\":\"ADM Argentina\",\"publisher\":{\"@id\":\"https:\/\/adm.org.ar\/newsite\/#organization\"},\"potentialAction\":[{\"@type\":\"SearchAction\",\"target\":{\"@type\":\"EntryPoint\",\"urlTemplate\":\"https:\/\/adm.org.ar\/newsite\/?s={search_term_string}\"},\"query-input\":{\"@type\":\"PropertyValueSpecification\",\"valueRequired\":true,\"valueName\":\"search_term_string\"}}],\"inLanguage\":\"es-AR\"},{\"@type\":\"Organization\",\"@id\":\"https:\/\/adm.org.ar\/newsite\/#organization\",\"name\":\"ADM Argentina\",\"url\":\"https:\/\/adm.org.ar\/newsite\/\",\"logo\":{\"@type\":\"ImageObject\",\"inLanguage\":\"es-AR\",\"@id\":\"https:\/\/adm.org.ar\/newsite\/#\/schema\/logo\/image\/\",\"url\":\"https:\/\/adm.org.ar\/newsite\/wp-content\/uploads\/2023\/08\/ADM_Logo_2021.png\",\"contentUrl\":\"https:\/\/adm.org.ar\/newsite\/wp-content\/uploads\/2023\/08\/ADM_Logo_2021.png\",\"width\":882,\"height\":340,\"caption\":\"ADM Argentina\"},\"image\":{\"@id\":\"https:\/\/adm.org.ar\/newsite\/#\/schema\/logo\/image\/\"},\"sameAs\":[\"https:\/\/www.facebook.com\/adm.argentina\",\"https:\/\/www.youtube.com\/user\/admargentina\",\"https:\/\/www.instagram.com\/asociacion.distrofia.muscular\"]},{\"@type\":\"Person\",\"@id\":\"https:\/\/adm.org.ar\/newsite\/#\/schema\/person\/0af0fda8588cf6d50ba30373828b3a58\",\"name\":\"ADM Argentina\",\"image\":{\"@type\":\"ImageObject\",\"inLanguage\":\"es-AR\",\"@id\":\"https:\/\/adm.org.ar\/newsite\/#\/schema\/person\/image\/\",\"url\":\"https:\/\/secure.gravatar.com\/avatar\/fcfc6840083f4ec1d3d21d856a92f9192826da8ba88cf3178311deddea5c352d?s=96&d=mm&r=g\",\"contentUrl\":\"https:\/\/secure.gravatar.com\/avatar\/fcfc6840083f4ec1d3d21d856a92f9192826da8ba88cf3178311deddea5c352d?s=96&d=mm&r=g\",\"caption\":\"ADM Argentina\"},\"url\":\"https:\/\/adm.org.ar\/newsite\/author\/adm-argentina\/\"}]}<\/script>\n<!-- \/ Yoast SEO plugin. -->","yoast_head_json":{"title":"Honrando el camino recorrido: nuevas autoridades en ADM - ADM Argentina","robots":{"index":"index","follow":"follow","max-snippet":"max-snippet:-1","max-image-preview":"max-image-preview:large","max-video-preview":"max-video-preview:-1"},"canonical":"https:\/\/adm.org.ar\/newsite\/honrando-el-camino-recorrido-nuevas-autoridades-en-adm\/","og_locale":"es_ES","og_type":"article","og_title":"Honrando el camino recorrido: nuevas autoridades en ADM - ADM Argentina","og_description":"ADM inicia una nueva etapa con la renovaci\u00f3n de su Comisi\u00f3n Directiva. Acompa\u00f1amos este cambio honrando el valioso recorrido de quienes dedicaron a\u00f1os de compromiso a la organizaci\u00f3n y damos la bienvenida a quienes asumir\u00e1n su conducci\u00f3n en este nuevo ciclo. Desde el mes de octubre de 2025, ADM cuenta con una nueva Comisi\u00f3n Directiva. [&hellip;]","og_url":"https:\/\/adm.org.ar\/newsite\/honrando-el-camino-recorrido-nuevas-autoridades-en-adm\/","og_site_name":"ADM Argentina","article_publisher":"https:\/\/www.facebook.com\/adm.argentina","article_published_time":"2025-11-10T20:32:24+00:00","article_modified_time":"2025-11-19T14:37:05+00:00","og_image":[{"width":882,"height":340,"url":"https:\/\/adm.org.ar\/newsite\/wp-content\/uploads\/2023\/08\/ADM_Logo_2021.png","type":"image\/png"}],"author":"ADM Argentina","twitter_card":"summary_large_image","twitter_misc":{"Escrito por":"ADM Argentina","Tiempo de lectura":"4 minutos"},"schema":{"@context":"https:\/\/schema.org","@graph":[{"@type":"Article","@id":"https:\/\/adm.org.ar\/newsite\/honrando-el-camino-recorrido-nuevas-autoridades-en-adm\/#article","isPartOf":{"@id":"https:\/\/adm.org.ar\/newsite\/honrando-el-camino-recorrido-nuevas-autoridades-en-adm\/"},"author":{"name":"ADM Argentina","@id":"https:\/\/adm.org.ar\/newsite\/#\/schema\/person\/0af0fda8588cf6d50ba30373828b3a58"},"headline":"Honrando el camino recorrido: nuevas autoridades en ADM","datePublished":"2025-11-10T20:32:24+00:00","dateModified":"2025-11-19T14:37:05+00:00","mainEntityOfPage":{"@id":"https:\/\/adm.org.ar\/newsite\/honrando-el-camino-recorrido-nuevas-autoridades-en-adm\/"},"wordCount":854,"publisher":{"@id":"https:\/\/adm.org.ar\/newsite\/#organization"},"image":{"@id":"https:\/\/adm.org.ar\/newsite\/honrando-el-camino-recorrido-nuevas-autoridades-en-adm\/#primaryimage"},"thumbnailUrl":"https:\/\/adm.org.ar\/newsite\/wp-content\/uploads\/2023\/08\/ADM_Logo_2021.png","keywords":["adm","autoridades"],"articleSection":["Noticias"],"inLanguage":"es-AR"},{"@type":"WebPage","@id":"https:\/\/adm.org.ar\/newsite\/honrando-el-camino-recorrido-nuevas-autoridades-en-adm\/","url":"https:\/\/adm.org.ar\/newsite\/honrando-el-camino-recorrido-nuevas-autoridades-en-adm\/","name":"Honrando el camino recorrido: nuevas autoridades en ADM - ADM Argentina","isPartOf":{"@id":"https:\/\/adm.org.ar\/newsite\/#website"},"primaryImageOfPage":{"@id":"https:\/\/adm.org.ar\/newsite\/honrando-el-camino-recorrido-nuevas-autoridades-en-adm\/#primaryimage"},"image":{"@id":"https:\/\/adm.org.ar\/newsite\/honrando-el-camino-recorrido-nuevas-autoridades-en-adm\/#primaryimage"},"thumbnailUrl":"https:\/\/adm.org.ar\/newsite\/wp-content\/uploads\/2023\/08\/ADM_Logo_2021.png","datePublished":"2025-11-10T20:32:24+00:00","dateModified":"2025-11-19T14:37:05+00:00","breadcrumb":{"@id":"https:\/\/adm.org.ar\/newsite\/honrando-el-camino-recorrido-nuevas-autoridades-en-adm\/#breadcrumb"},"inLanguage":"es-AR","potentialAction":[{"@type":"ReadAction","target":["https:\/\/adm.org.ar\/newsite\/honrando-el-camino-recorrido-nuevas-autoridades-en-adm\/"]}]},{"@type":"ImageObject","inLanguage":"es-AR","@id":"https:\/\/adm.org.ar\/newsite\/honrando-el-camino-recorrido-nuevas-autoridades-en-adm\/#primaryimage","url":"https:\/\/adm.org.ar\/newsite\/wp-content\/uploads\/2023\/08\/ADM_Logo_2021.png","contentUrl":"https:\/\/adm.org.ar\/newsite\/wp-content\/uploads\/2023\/08\/ADM_Logo_2021.png","width":882,"height":340},{"@type":"BreadcrumbList","@id":"https:\/\/adm.org.ar\/newsite\/honrando-el-camino-recorrido-nuevas-autoridades-en-adm\/#breadcrumb","itemListElement":[{"@type":"ListItem","position":1,"name":"Inicio","item":"https:\/\/adm.org.ar\/newsite\/"},{"@type":"ListItem","position":2,"name":"Honrando el camino recorrido: nuevas autoridades en ADM"}]},{"@type":"WebSite","@id":"https:\/\/adm.org.ar\/newsite\/#website","url":"https:\/\/adm.org.ar\/newsite\/","name":"ADM Argentina","description":"ADM Argentina","publisher":{"@id":"https:\/\/adm.org.ar\/newsite\/#organization"},"potentialAction":[{"@type":"SearchAction","target":{"@type":"EntryPoint","urlTemplate":"https:\/\/adm.org.ar\/newsite\/?s={search_term_string}"},"query-input":{"@type":"PropertyValueSpecification","valueRequired":true,"valueName":"search_term_string"}}],"inLanguage":"es-AR"},{"@type":"Organization","@id":"https:\/\/adm.org.ar\/newsite\/#organization","name":"ADM Argentina","url":"https:\/\/adm.org.ar\/newsite\/","logo":{"@type":"ImageObject","inLanguage":"es-AR","@id":"https:\/\/adm.org.ar\/newsite\/#\/schema\/logo\/image\/","url":"https:\/\/adm.org.ar\/newsite\/wp-content\/uploads\/2023\/08\/ADM_Logo_2021.png","contentUrl":"https:\/\/adm.org.ar\/newsite\/wp-content\/uploads\/2023\/08\/ADM_Logo_2021.png","width":882,"height":340,"caption":"ADM Argentina"},"image":{"@id":"https:\/\/adm.org.ar\/newsite\/#\/schema\/logo\/image\/"},"sameAs":["https:\/\/www.facebook.com\/adm.argentina","https:\/\/www.youtube.com\/user\/admargentina","https:\/\/www.instagram.com\/asociacion.distrofia.muscular"]},{"@type":"Person","@id":"https:\/\/adm.org.ar\/newsite\/#\/schema\/person\/0af0fda8588cf6d50ba30373828b3a58","name":"ADM Argentina","image":{"@type":"ImageObject","inLanguage":"es-AR","@id":"https:\/\/adm.org.ar\/newsite\/#\/schema\/person\/image\/","url":"https:\/\/secure.gravatar.com\/avatar\/fcfc6840083f4ec1d3d21d856a92f9192826da8ba88cf3178311deddea5c352d?s=96&d=mm&r=g","contentUrl":"https:\/\/secure.gravatar.com\/avatar\/fcfc6840083f4ec1d3d21d856a92f9192826da8ba88cf3178311deddea5c352d?s=96&d=mm&r=g","caption":"ADM Argentina"},"url":"https:\/\/adm.org.ar\/newsite\/author\/adm-argentina\/"}]}},"_links":{"self":[{"href":"https:\/\/adm.org.ar\/newsite\/wp-json\/wp\/v2\/posts\/7361","targetHints":{"allow":["GET"]}}],"collection":[{"href":"https:\/\/adm.org.ar\/newsite\/wp-json\/wp\/v2\/posts"}],"about":[{"href":"https:\/\/adm.org.ar\/newsite\/wp-json\/wp\/v2\/types\/post"}],"author":[{"embeddable":true,"href":"https:\/\/adm.org.ar\/newsite\/wp-json\/wp\/v2\/users\/2"}],"replies":[{"embeddable":true,"href":"https:\/\/adm.org.ar\/newsite\/wp-json\/wp\/v2\/comments?post=7361"}],"version-history":[{"count":5,"href":"https:\/\/adm.org.ar\/newsite\/wp-json\/wp\/v2\/posts\/7361\/revisions"}],"predecessor-version":[{"id":7435,"href":"https:\/\/adm.org.ar\/newsite\/wp-json\/wp\/v2\/posts\/7361\/revisions\/7435"}],"wp:featuredmedia":[{"embeddable":true,"href":"https:\/\/adm.org.ar\/newsite\/wp-json\/wp\/v2\/media\/11"}],"wp:attachment":[{"href":"https:\/\/adm.org.ar\/newsite\/wp-json\/wp\/v2\/media?parent=7361"}],"wp:term":[{"taxonomy":"category","embeddable":true,"href":"https:\/\/adm.org.ar\/newsite\/wp-json\/wp\/v2\/categories?post=7361"},{"taxonomy":"post_tag","embeddable":true,"href":"https:\/\/adm.org.ar\/newsite\/wp-json\/wp\/v2\/tags?post=7361"}],"curies":[{"name":"wp","href":"https:\/\/api.w.org\/{rel}","templated":true}]}}