{"id":7044,"date":"2024-07-30T23:14:14","date_gmt":"2024-07-31T02:14:14","guid":{"rendered":"https:\/\/adm.org.ar\/newsite\/?p=7044"},"modified":"2024-07-30T23:14:15","modified_gmt":"2024-07-31T02:14:15","slug":"las-obras-sociales-o-prepagas-nos-cubren-los-asistentes-o-acompanantes","status":"publish","type":"post","link":"https:\/\/adm.org.ar\/newsite\/las-obras-sociales-o-prepagas-nos-cubren-los-asistentes-o-acompanantes\/","title":{"rendered":"Las obras sociales o prepagas \u00bfnos cubren los\u00a0 asistentes o acompa\u00f1antes?\u00a0"},"content":{"rendered":"\n<p>Si en alg\u00fan momento durante el tr\u00e1nsito de nuestra vida con una enfermedad, nosotros o un familiar necesitamos de asistencia o acompa\u00f1amiento cotidiano, las obras sociales y prepagas deben cubrir esta prestaci\u00f3n. Ya sea para las actividades de la vida diaria como para el acompa\u00f1amiento en el desarrollo de la vida social.<\/p>\n\n\n\n<p>Existen algunos conceptos legales definitorios que debemos tener en cuenta. Siempre es importante recordar la finalidad del Legislador, el esp\u00edritu de la ley y recurrir al sentido com\u00fan como herramienta para lograr el efectivo goce de las prestaciones de salud y discapacidad.&nbsp;<\/p>\n\n\n\n<p>Discapacidad es un concepto \u201cbio-psico-social\u201d, esta frase es realmente la llave que nos abre la puerta a la cobertura que precisamos. Es decir, se relaciona la alteraci\u00f3n en la salud con la inserci\u00f3n social. Al ser un concepto bio-psico-social, las prestaciones que otorgan cobertura desde el aspecto legal son m\u00e9dicas y sociales. Por lo tanto, la figura del asistente domiciliario en sus distintas formas o del acompa\u00f1ante terap\u00e9utico deben estar cubiertas.&nbsp;<\/p>\n\n\n\n<p>El primer obst\u00e1culo que se nos presenta en la pr\u00e1ctica al solicitar la cobertura al 100% es la falta de inclusi\u00f3n de estas prestaciones en el Nomenclador de Discapacidad. En consecuencia, la segunda pregunta que surge frente a esta consulta es: \u00bfme tienen que cubrir el asistente o el acompa\u00f1ante aunque no est\u00e9 en el nomenclador? La respuesta es nuevamente afirmativa. El prestador debe tercerizar el servicio.&nbsp;<\/p>\n\n\n<figure class=\"wp-block-post-featured-image\"><img fetchpriority=\"high\" decoding=\"async\" width=\"1024\" height=\"600\" src=\"https:\/\/adm.org.ar\/newsite\/wp-content\/uploads\/2024\/07\/acompanante.jpg\" class=\"attachment-post-thumbnail size-post-thumbnail wp-post-image\" alt=\"Acompa\u00f1ante\" style=\"object-fit:cover;\" srcset=\"https:\/\/adm.org.ar\/newsite\/wp-content\/uploads\/2024\/07\/acompanante.jpg 1024w, https:\/\/adm.org.ar\/newsite\/wp-content\/uploads\/2024\/07\/acompanante-300x176.jpg 300w, https:\/\/adm.org.ar\/newsite\/wp-content\/uploads\/2024\/07\/acompanante-768x450.jpg 768w\" sizes=\"(max-width: 1024px) 100vw, 1024px\" \/><\/figure>\n\n\n<h2 class=\"wp-block-heading\"><strong>Est\u00e9 o no contemplada en el nomenclador, no es excusa para la cobertura.<\/strong>&nbsp;<\/h2>\n\n\n\n<p>El nomenclador no es oponible al beneficiario, y s\u00f3lo fue creado a los fines de que el Estado les reintegre en forma facultativa al Agente del Seguro de Salud (obras sociales por relaci\u00f3n de dependencia, se excluyen prepagas que solo ofrezcan planes voluntarios de adhesi\u00f3n, obras sociales provinciales, mutuales) las coberturas de alto costo del PMO y de discapacidad, y en este caso no contempla la figura.&nbsp;<\/p>\n\n\n\n<p>La Jurisprudencia de nuestros Tribunales sostiene que normas administrativas no pueden excluir coberturas por el solo hecho de no estar contempladas, ya que la ciencia y los requerimientos de las personas difieren de los expresados en una oportunidad en la norma legal. Por ello, podemos solicitar la cobertura del asistente domiciliario por las 24hs. del d\u00eda, ya sea tres turnos de ocho horas diarias o por una cantidad determinada de horas por d\u00eda. Incluso, podr\u00edamos complementar con una hora de enfermer\u00eda diaria si as\u00ed se requiriese.&nbsp;<\/p>\n\n\n\n<p>En estos casos, al no ser una prestaci\u00f3n nomenclada, no figura en las cartillas de obras sociales y prepagas. Generalmente se efect\u00faa por reintegro, presentado la factura a la obra social o prepaga mensualmente, por ello el asistente requiere estar inscripto en forma impositiva. Existen asociaciones civiles que tienen personal af\u00edn a estas actividades, que en muchos casos est\u00e1n especializados en distintas \u00e1reas.<\/p>\n\n\n\n<h2 class=\"wp-block-heading\"><strong>\u00bfQu\u00e9 pasa si necesitamos un acompa\u00f1ante terap\u00e9utico?<\/strong><\/h2>\n\n\n\n<p>La situaci\u00f3n cambia cuando se trata de una acompa\u00f1ante terap\u00e9utico. Si bien es una prestaci\u00f3n muy requerida, se relaciona jur\u00eddicamente desde la salud mental. Es decir, esta prestaci\u00f3n&nbsp; s\u00f3lo puede ser solicitada cuando es prescrita por un psiquiatra y se solicita desde el Programa de Salud Mental, cuya ley es obligatoria para obras sociales y prepagas.&nbsp;<\/p>\n\n\n\n<p>En conclusi\u00f3n, podemos solicitar la cobertura integral a la obra social o prepaga tanto del acompa\u00f1ante terap\u00e9utico como del asistente domiciliario (especializado o no). Si se trata de un acompa\u00f1ante terap\u00e9utico debe estar prescripta la orden por un psiquiatra, y si es un asistente domiciliario, puede ser solicitada por el neur\u00f3logo o el m\u00e9dico tratante. El hecho de no estar nomenclado, no es excusa para su cobertura y resulta importante saber que ambas prestaciones pueden ser exigidas en la justicia.<\/p>\n\n\n\n<p>Si necesit\u00e1s ayuda con esta o alguna otra gesti\u00f3n pod\u00e9s escribirnos a info@adm.org.ar o v\u00eda WhatsApp (+54 9 11 5663-7468 \/ 11 3581-2795) con una breve descripci\u00f3n, as\u00ed sabemos c\u00f3mo acompa\u00f1arte mejor.<\/p>\n\n\n\n<p><strong>Esta nota fue realizada y actualizada con el asesoramiento de la Abogada Mar\u00eda In\u00e9s Bianco, especialista en Salud y Discapacidad. Esta informaci\u00f3n no reemplaza la consulta m\u00e9dica.&nbsp;<\/strong><\/p>\n\n\n\n<p><strong>FUENTE: Revista Seguir Andando<\/strong><\/p>\n","protected":false},"excerpt":{"rendered":"<p>Si en alg\u00fan momento durante el tr\u00e1nsito de nuestra vida con una enfermedad, nosotros o un familiar necesitamos de asistencia o acompa\u00f1amiento cotidiano, las obras sociales y prepagas deben cubrir esta prestaci\u00f3n. Ya sea para las actividades de la vida diaria como para el acompa\u00f1amiento en el desarrollo de la vida social. Existen algunos conceptos [&hellip;]<\/p>\n","protected":false},"author":2,"featured_media":7045,"comment_status":"closed","ping_status":"closed","sticky":false,"template":"","format":"standard","meta":{"_joinchat":[],"footnotes":""},"categories":[14],"tags":[59,60,61,57,58],"class_list":["post-7044","post","type-post","status-publish","format-standard","has-post-thumbnail","hentry","category-noticias","tag-acompanantes","tag-asistentes","tag-cobertura","tag-obras-sociales","tag-prepagas"],"yoast_head":"<!-- This site is optimized with the Yoast SEO plugin v27.1.1 - https:\/\/yoast.com\/product\/yoast-seo-wordpress\/ -->\n<title>Las obras sociales o prepagas \u00bfnos cubren los\u00a0 asistentes o acompa\u00f1antes?\u00a0 - ADM Argentina<\/title>\n<meta name=\"robots\" content=\"index, follow, max-snippet:-1, max-image-preview:large, max-video-preview:-1\" \/>\n<link rel=\"canonical\" href=\"https:\/\/adm.org.ar\/newsite\/las-obras-sociales-o-prepagas-nos-cubren-los-asistentes-o-acompanantes\/\" \/>\n<meta property=\"og:locale\" content=\"es_ES\" \/>\n<meta property=\"og:type\" content=\"article\" \/>\n<meta property=\"og:title\" content=\"Las obras sociales o prepagas \u00bfnos cubren los\u00a0 asistentes o acompa\u00f1antes?\u00a0 - ADM Argentina\" \/>\n<meta property=\"og:description\" content=\"Si en alg\u00fan momento durante el tr\u00e1nsito de nuestra vida con una enfermedad, nosotros o un familiar necesitamos de asistencia o acompa\u00f1amiento cotidiano, las obras sociales y prepagas deben cubrir esta prestaci\u00f3n. Ya sea para las actividades de la vida diaria como para el acompa\u00f1amiento en el desarrollo de la vida social. Existen algunos conceptos [&hellip;]\" \/>\n<meta property=\"og:url\" content=\"https:\/\/adm.org.ar\/newsite\/las-obras-sociales-o-prepagas-nos-cubren-los-asistentes-o-acompanantes\/\" \/>\n<meta property=\"og:site_name\" content=\"ADM Argentina\" \/>\n<meta property=\"article:publisher\" content=\"https:\/\/www.facebook.com\/adm.argentina\" \/>\n<meta property=\"article:published_time\" content=\"2024-07-31T02:14:14+00:00\" \/>\n<meta property=\"article:modified_time\" content=\"2024-07-31T02:14:15+00:00\" \/>\n<meta property=\"og:image\" content=\"https:\/\/adm.org.ar\/newsite\/wp-content\/uploads\/2024\/07\/acompanante.jpg\" \/>\n\t<meta property=\"og:image:width\" content=\"1024\" \/>\n\t<meta property=\"og:image:height\" content=\"600\" \/>\n\t<meta property=\"og:image:type\" content=\"image\/jpeg\" \/>\n<meta name=\"author\" content=\"ADM Argentina\" \/>\n<meta name=\"twitter:card\" content=\"summary_large_image\" \/>\n<meta name=\"twitter:label1\" content=\"Escrito por\" \/>\n\t<meta name=\"twitter:data1\" content=\"ADM Argentina\" \/>\n\t<meta name=\"twitter:label2\" content=\"Tiempo de lectura\" \/>\n\t<meta name=\"twitter:data2\" content=\"4 minutos\" \/>\n<script type=\"application\/ld+json\" class=\"yoast-schema-graph\">{\"@context\":\"https:\/\/schema.org\",\"@graph\":[{\"@type\":\"Article\",\"@id\":\"https:\/\/adm.org.ar\/newsite\/las-obras-sociales-o-prepagas-nos-cubren-los-asistentes-o-acompanantes\/#article\",\"isPartOf\":{\"@id\":\"https:\/\/adm.org.ar\/newsite\/las-obras-sociales-o-prepagas-nos-cubren-los-asistentes-o-acompanantes\/\"},\"author\":{\"name\":\"ADM Argentina\",\"@id\":\"https:\/\/adm.org.ar\/newsite\/#\/schema\/person\/0af0fda8588cf6d50ba30373828b3a58\"},\"headline\":\"Las obras sociales o prepagas \u00bfnos cubren los\u00a0 asistentes o acompa\u00f1antes?\u00a0\",\"datePublished\":\"2024-07-31T02:14:14+00:00\",\"dateModified\":\"2024-07-31T02:14:15+00:00\",\"mainEntityOfPage\":{\"@id\":\"https:\/\/adm.org.ar\/newsite\/las-obras-sociales-o-prepagas-nos-cubren-los-asistentes-o-acompanantes\/\"},\"wordCount\":739,\"publisher\":{\"@id\":\"https:\/\/adm.org.ar\/newsite\/#organization\"},\"image\":{\"@id\":\"https:\/\/adm.org.ar\/newsite\/las-obras-sociales-o-prepagas-nos-cubren-los-asistentes-o-acompanantes\/#primaryimage\"},\"thumbnailUrl\":\"https:\/\/adm.org.ar\/newsite\/wp-content\/uploads\/2024\/07\/acompanante.jpg\",\"keywords\":[\"acompa\u00f1antes\",\"asistentes\",\"cobertura\",\"obras sociales\",\"prepagas\"],\"articleSection\":[\"Noticias\"],\"inLanguage\":\"es-AR\"},{\"@type\":\"WebPage\",\"@id\":\"https:\/\/adm.org.ar\/newsite\/las-obras-sociales-o-prepagas-nos-cubren-los-asistentes-o-acompanantes\/\",\"url\":\"https:\/\/adm.org.ar\/newsite\/las-obras-sociales-o-prepagas-nos-cubren-los-asistentes-o-acompanantes\/\",\"name\":\"Las obras sociales o prepagas \u00bfnos cubren los\u00a0 asistentes o acompa\u00f1antes?\u00a0 - ADM Argentina\",\"isPartOf\":{\"@id\":\"https:\/\/adm.org.ar\/newsite\/#website\"},\"primaryImageOfPage\":{\"@id\":\"https:\/\/adm.org.ar\/newsite\/las-obras-sociales-o-prepagas-nos-cubren-los-asistentes-o-acompanantes\/#primaryimage\"},\"image\":{\"@id\":\"https:\/\/adm.org.ar\/newsite\/las-obras-sociales-o-prepagas-nos-cubren-los-asistentes-o-acompanantes\/#primaryimage\"},\"thumbnailUrl\":\"https:\/\/adm.org.ar\/newsite\/wp-content\/uploads\/2024\/07\/acompanante.jpg\",\"datePublished\":\"2024-07-31T02:14:14+00:00\",\"dateModified\":\"2024-07-31T02:14:15+00:00\",\"breadcrumb\":{\"@id\":\"https:\/\/adm.org.ar\/newsite\/las-obras-sociales-o-prepagas-nos-cubren-los-asistentes-o-acompanantes\/#breadcrumb\"},\"inLanguage\":\"es-AR\",\"potentialAction\":[{\"@type\":\"ReadAction\",\"target\":[\"https:\/\/adm.org.ar\/newsite\/las-obras-sociales-o-prepagas-nos-cubren-los-asistentes-o-acompanantes\/\"]}]},{\"@type\":\"ImageObject\",\"inLanguage\":\"es-AR\",\"@id\":\"https:\/\/adm.org.ar\/newsite\/las-obras-sociales-o-prepagas-nos-cubren-los-asistentes-o-acompanantes\/#primaryimage\",\"url\":\"https:\/\/adm.org.ar\/newsite\/wp-content\/uploads\/2024\/07\/acompanante.jpg\",\"contentUrl\":\"https:\/\/adm.org.ar\/newsite\/wp-content\/uploads\/2024\/07\/acompanante.jpg\",\"width\":1024,\"height\":600,\"caption\":\"Acompa\u00f1ante\"},{\"@type\":\"BreadcrumbList\",\"@id\":\"https:\/\/adm.org.ar\/newsite\/las-obras-sociales-o-prepagas-nos-cubren-los-asistentes-o-acompanantes\/#breadcrumb\",\"itemListElement\":[{\"@type\":\"ListItem\",\"position\":1,\"name\":\"Inicio\",\"item\":\"https:\/\/adm.org.ar\/newsite\/\"},{\"@type\":\"ListItem\",\"position\":2,\"name\":\"Las obras sociales o prepagas \u00bfnos cubren los\u00a0 asistentes o acompa\u00f1antes?\u00a0\"}]},{\"@type\":\"WebSite\",\"@id\":\"https:\/\/adm.org.ar\/newsite\/#website\",\"url\":\"https:\/\/adm.org.ar\/newsite\/\",\"name\":\"ADM Argentina\",\"description\":\"ADM Argentina\",\"publisher\":{\"@id\":\"https:\/\/adm.org.ar\/newsite\/#organization\"},\"potentialAction\":[{\"@type\":\"SearchAction\",\"target\":{\"@type\":\"EntryPoint\",\"urlTemplate\":\"https:\/\/adm.org.ar\/newsite\/?s={search_term_string}\"},\"query-input\":{\"@type\":\"PropertyValueSpecification\",\"valueRequired\":true,\"valueName\":\"search_term_string\"}}],\"inLanguage\":\"es-AR\"},{\"@type\":\"Organization\",\"@id\":\"https:\/\/adm.org.ar\/newsite\/#organization\",\"name\":\"ADM Argentina\",\"url\":\"https:\/\/adm.org.ar\/newsite\/\",\"logo\":{\"@type\":\"ImageObject\",\"inLanguage\":\"es-AR\",\"@id\":\"https:\/\/adm.org.ar\/newsite\/#\/schema\/logo\/image\/\",\"url\":\"https:\/\/adm.org.ar\/newsite\/wp-content\/uploads\/2023\/08\/ADM_Logo_2021.png\",\"contentUrl\":\"https:\/\/adm.org.ar\/newsite\/wp-content\/uploads\/2023\/08\/ADM_Logo_2021.png\",\"width\":882,\"height\":340,\"caption\":\"ADM Argentina\"},\"image\":{\"@id\":\"https:\/\/adm.org.ar\/newsite\/#\/schema\/logo\/image\/\"},\"sameAs\":[\"https:\/\/www.facebook.com\/adm.argentina\",\"https:\/\/www.youtube.com\/user\/admargentina\",\"https:\/\/www.instagram.com\/asociacion.distrofia.muscular\"]},{\"@type\":\"Person\",\"@id\":\"https:\/\/adm.org.ar\/newsite\/#\/schema\/person\/0af0fda8588cf6d50ba30373828b3a58\",\"name\":\"ADM Argentina\",\"image\":{\"@type\":\"ImageObject\",\"inLanguage\":\"es-AR\",\"@id\":\"https:\/\/adm.org.ar\/newsite\/#\/schema\/person\/image\/\",\"url\":\"https:\/\/secure.gravatar.com\/avatar\/fcfc6840083f4ec1d3d21d856a92f9192826da8ba88cf3178311deddea5c352d?s=96&d=mm&r=g\",\"contentUrl\":\"https:\/\/secure.gravatar.com\/avatar\/fcfc6840083f4ec1d3d21d856a92f9192826da8ba88cf3178311deddea5c352d?s=96&d=mm&r=g\",\"caption\":\"ADM Argentina\"},\"url\":\"https:\/\/adm.org.ar\/newsite\/author\/adm-argentina\/\"}]}<\/script>\n<!-- \/ Yoast SEO plugin. -->","yoast_head_json":{"title":"Las obras sociales o prepagas \u00bfnos cubren los\u00a0 asistentes o acompa\u00f1antes?\u00a0 - ADM Argentina","robots":{"index":"index","follow":"follow","max-snippet":"max-snippet:-1","max-image-preview":"max-image-preview:large","max-video-preview":"max-video-preview:-1"},"canonical":"https:\/\/adm.org.ar\/newsite\/las-obras-sociales-o-prepagas-nos-cubren-los-asistentes-o-acompanantes\/","og_locale":"es_ES","og_type":"article","og_title":"Las obras sociales o prepagas \u00bfnos cubren los\u00a0 asistentes o acompa\u00f1antes?\u00a0 - ADM Argentina","og_description":"Si en alg\u00fan momento durante el tr\u00e1nsito de nuestra vida con una enfermedad, nosotros o un familiar necesitamos de asistencia o acompa\u00f1amiento cotidiano, las obras sociales y prepagas deben cubrir esta prestaci\u00f3n. Ya sea para las actividades de la vida diaria como para el acompa\u00f1amiento en el desarrollo de la vida social. Existen algunos conceptos [&hellip;]","og_url":"https:\/\/adm.org.ar\/newsite\/las-obras-sociales-o-prepagas-nos-cubren-los-asistentes-o-acompanantes\/","og_site_name":"ADM Argentina","article_publisher":"https:\/\/www.facebook.com\/adm.argentina","article_published_time":"2024-07-31T02:14:14+00:00","article_modified_time":"2024-07-31T02:14:15+00:00","og_image":[{"width":1024,"height":600,"url":"https:\/\/adm.org.ar\/newsite\/wp-content\/uploads\/2024\/07\/acompanante.jpg","type":"image\/jpeg"}],"author":"ADM Argentina","twitter_card":"summary_large_image","twitter_misc":{"Escrito por":"ADM Argentina","Tiempo de lectura":"4 minutos"},"schema":{"@context":"https:\/\/schema.org","@graph":[{"@type":"Article","@id":"https:\/\/adm.org.ar\/newsite\/las-obras-sociales-o-prepagas-nos-cubren-los-asistentes-o-acompanantes\/#article","isPartOf":{"@id":"https:\/\/adm.org.ar\/newsite\/las-obras-sociales-o-prepagas-nos-cubren-los-asistentes-o-acompanantes\/"},"author":{"name":"ADM Argentina","@id":"https:\/\/adm.org.ar\/newsite\/#\/schema\/person\/0af0fda8588cf6d50ba30373828b3a58"},"headline":"Las obras sociales o prepagas \u00bfnos cubren los\u00a0 asistentes o acompa\u00f1antes?\u00a0","datePublished":"2024-07-31T02:14:14+00:00","dateModified":"2024-07-31T02:14:15+00:00","mainEntityOfPage":{"@id":"https:\/\/adm.org.ar\/newsite\/las-obras-sociales-o-prepagas-nos-cubren-los-asistentes-o-acompanantes\/"},"wordCount":739,"publisher":{"@id":"https:\/\/adm.org.ar\/newsite\/#organization"},"image":{"@id":"https:\/\/adm.org.ar\/newsite\/las-obras-sociales-o-prepagas-nos-cubren-los-asistentes-o-acompanantes\/#primaryimage"},"thumbnailUrl":"https:\/\/adm.org.ar\/newsite\/wp-content\/uploads\/2024\/07\/acompanante.jpg","keywords":["acompa\u00f1antes","asistentes","cobertura","obras sociales","prepagas"],"articleSection":["Noticias"],"inLanguage":"es-AR"},{"@type":"WebPage","@id":"https:\/\/adm.org.ar\/newsite\/las-obras-sociales-o-prepagas-nos-cubren-los-asistentes-o-acompanantes\/","url":"https:\/\/adm.org.ar\/newsite\/las-obras-sociales-o-prepagas-nos-cubren-los-asistentes-o-acompanantes\/","name":"Las obras sociales o prepagas \u00bfnos cubren los\u00a0 asistentes o acompa\u00f1antes?\u00a0 - ADM Argentina","isPartOf":{"@id":"https:\/\/adm.org.ar\/newsite\/#website"},"primaryImageOfPage":{"@id":"https:\/\/adm.org.ar\/newsite\/las-obras-sociales-o-prepagas-nos-cubren-los-asistentes-o-acompanantes\/#primaryimage"},"image":{"@id":"https:\/\/adm.org.ar\/newsite\/las-obras-sociales-o-prepagas-nos-cubren-los-asistentes-o-acompanantes\/#primaryimage"},"thumbnailUrl":"https:\/\/adm.org.ar\/newsite\/wp-content\/uploads\/2024\/07\/acompanante.jpg","datePublished":"2024-07-31T02:14:14+00:00","dateModified":"2024-07-31T02:14:15+00:00","breadcrumb":{"@id":"https:\/\/adm.org.ar\/newsite\/las-obras-sociales-o-prepagas-nos-cubren-los-asistentes-o-acompanantes\/#breadcrumb"},"inLanguage":"es-AR","potentialAction":[{"@type":"ReadAction","target":["https:\/\/adm.org.ar\/newsite\/las-obras-sociales-o-prepagas-nos-cubren-los-asistentes-o-acompanantes\/"]}]},{"@type":"ImageObject","inLanguage":"es-AR","@id":"https:\/\/adm.org.ar\/newsite\/las-obras-sociales-o-prepagas-nos-cubren-los-asistentes-o-acompanantes\/#primaryimage","url":"https:\/\/adm.org.ar\/newsite\/wp-content\/uploads\/2024\/07\/acompanante.jpg","contentUrl":"https:\/\/adm.org.ar\/newsite\/wp-content\/uploads\/2024\/07\/acompanante.jpg","width":1024,"height":600,"caption":"Acompa\u00f1ante"},{"@type":"BreadcrumbList","@id":"https:\/\/adm.org.ar\/newsite\/las-obras-sociales-o-prepagas-nos-cubren-los-asistentes-o-acompanantes\/#breadcrumb","itemListElement":[{"@type":"ListItem","position":1,"name":"Inicio","item":"https:\/\/adm.org.ar\/newsite\/"},{"@type":"ListItem","position":2,"name":"Las obras sociales o prepagas \u00bfnos cubren los\u00a0 asistentes o acompa\u00f1antes?\u00a0"}]},{"@type":"WebSite","@id":"https:\/\/adm.org.ar\/newsite\/#website","url":"https:\/\/adm.org.ar\/newsite\/","name":"ADM Argentina","description":"ADM Argentina","publisher":{"@id":"https:\/\/adm.org.ar\/newsite\/#organization"},"potentialAction":[{"@type":"SearchAction","target":{"@type":"EntryPoint","urlTemplate":"https:\/\/adm.org.ar\/newsite\/?s={search_term_string}"},"query-input":{"@type":"PropertyValueSpecification","valueRequired":true,"valueName":"search_term_string"}}],"inLanguage":"es-AR"},{"@type":"Organization","@id":"https:\/\/adm.org.ar\/newsite\/#organization","name":"ADM Argentina","url":"https:\/\/adm.org.ar\/newsite\/","logo":{"@type":"ImageObject","inLanguage":"es-AR","@id":"https:\/\/adm.org.ar\/newsite\/#\/schema\/logo\/image\/","url":"https:\/\/adm.org.ar\/newsite\/wp-content\/uploads\/2023\/08\/ADM_Logo_2021.png","contentUrl":"https:\/\/adm.org.ar\/newsite\/wp-content\/uploads\/2023\/08\/ADM_Logo_2021.png","width":882,"height":340,"caption":"ADM Argentina"},"image":{"@id":"https:\/\/adm.org.ar\/newsite\/#\/schema\/logo\/image\/"},"sameAs":["https:\/\/www.facebook.com\/adm.argentina","https:\/\/www.youtube.com\/user\/admargentina","https:\/\/www.instagram.com\/asociacion.distrofia.muscular"]},{"@type":"Person","@id":"https:\/\/adm.org.ar\/newsite\/#\/schema\/person\/0af0fda8588cf6d50ba30373828b3a58","name":"ADM Argentina","image":{"@type":"ImageObject","inLanguage":"es-AR","@id":"https:\/\/adm.org.ar\/newsite\/#\/schema\/person\/image\/","url":"https:\/\/secure.gravatar.com\/avatar\/fcfc6840083f4ec1d3d21d856a92f9192826da8ba88cf3178311deddea5c352d?s=96&d=mm&r=g","contentUrl":"https:\/\/secure.gravatar.com\/avatar\/fcfc6840083f4ec1d3d21d856a92f9192826da8ba88cf3178311deddea5c352d?s=96&d=mm&r=g","caption":"ADM Argentina"},"url":"https:\/\/adm.org.ar\/newsite\/author\/adm-argentina\/"}]}},"_links":{"self":[{"href":"https:\/\/adm.org.ar\/newsite\/wp-json\/wp\/v2\/posts\/7044","targetHints":{"allow":["GET"]}}],"collection":[{"href":"https:\/\/adm.org.ar\/newsite\/wp-json\/wp\/v2\/posts"}],"about":[{"href":"https:\/\/adm.org.ar\/newsite\/wp-json\/wp\/v2\/types\/post"}],"author":[{"embeddable":true,"href":"https:\/\/adm.org.ar\/newsite\/wp-json\/wp\/v2\/users\/2"}],"replies":[{"embeddable":true,"href":"https:\/\/adm.org.ar\/newsite\/wp-json\/wp\/v2\/comments?post=7044"}],"version-history":[{"count":1,"href":"https:\/\/adm.org.ar\/newsite\/wp-json\/wp\/v2\/posts\/7044\/revisions"}],"predecessor-version":[{"id":7046,"href":"https:\/\/adm.org.ar\/newsite\/wp-json\/wp\/v2\/posts\/7044\/revisions\/7046"}],"wp:featuredmedia":[{"embeddable":true,"href":"https:\/\/adm.org.ar\/newsite\/wp-json\/wp\/v2\/media\/7045"}],"wp:attachment":[{"href":"https:\/\/adm.org.ar\/newsite\/wp-json\/wp\/v2\/media?parent=7044"}],"wp:term":[{"taxonomy":"category","embeddable":true,"href":"https:\/\/adm.org.ar\/newsite\/wp-json\/wp\/v2\/categories?post=7044"},{"taxonomy":"post_tag","embeddable":true,"href":"https:\/\/adm.org.ar\/newsite\/wp-json\/wp\/v2\/tags?post=7044"}],"curies":[{"name":"wp","href":"https:\/\/api.w.org\/{rel}","templated":true}]}}