{"id":7041,"date":"2024-07-30T23:11:32","date_gmt":"2024-07-31T02:11:32","guid":{"rendered":"https:\/\/adm.org.ar\/newsite\/?p=7041"},"modified":"2024-07-30T23:12:25","modified_gmt":"2024-07-31T02:12:25","slug":"nos-volvimos-a-encontrar-en-el-conversatorio","status":"publish","type":"post","link":"https:\/\/adm.org.ar\/newsite\/nos-volvimos-a-encontrar-en-el-conversatorio\/","title":{"rendered":"\u00a1Nos volvimos a encontrar en el Conversatorio!"},"content":{"rendered":"\n<p>Este a\u00f1o iniciamos un ciclo de conversatorios que tiene como objetivo visibilizar, difundir y ampliar informaci\u00f3n de calidad y con claridad sobre temas de inter\u00e9s para la comunidad, no solo de enfermedades neuromusculares (ENM) sino tambi\u00e9n de personas con discapacidad no relacionadas con las ENM. Este proyecto se conform\u00f3 a ra\u00edz de las consultas m\u00e1s frecuentes recibidas a trav\u00e9s de los canales de comunicaci\u00f3n habilitados, y tiene como objetivo abrir un espacio de difusi\u00f3n de informaci\u00f3n y reflexi\u00f3n, en donde podamos conocer y pensar en los desaf\u00edos de la actualidad.<\/p>\n\n\n<figure class=\"wp-block-post-featured-image\"><img fetchpriority=\"high\" decoding=\"async\" width=\"1600\" height=\"1200\" src=\"https:\/\/adm.org.ar\/newsite\/wp-content\/uploads\/2024\/07\/WhatsApp-Image-2-conversatorio.jpeg\" class=\"attachment-post-thumbnail size-post-thumbnail wp-post-image\" alt=\"Conversatorio 2 ADM\" style=\"object-fit:cover;\" srcset=\"https:\/\/adm.org.ar\/newsite\/wp-content\/uploads\/2024\/07\/WhatsApp-Image-2-conversatorio.jpeg 1600w, https:\/\/adm.org.ar\/newsite\/wp-content\/uploads\/2024\/07\/WhatsApp-Image-2-conversatorio-300x225.jpeg 300w, https:\/\/adm.org.ar\/newsite\/wp-content\/uploads\/2024\/07\/WhatsApp-Image-2-conversatorio-1024x768.jpeg 1024w, https:\/\/adm.org.ar\/newsite\/wp-content\/uploads\/2024\/07\/WhatsApp-Image-2-conversatorio-768x576.jpeg 768w, https:\/\/adm.org.ar\/newsite\/wp-content\/uploads\/2024\/07\/WhatsApp-Image-2-conversatorio-1536x1152.jpeg 1536w\" sizes=\"(max-width: 1600px) 100vw, 1600px\" \/><\/figure>\n\n\n<p>En este segundo encuentro, \u201cCertificado \u00danico de Discapacidad\u201d -m\u00e1s conocido como CUD-, fue realizado en&nbsp; conjunto con integrantes del equipo de la Junta de Discapacidad del Municipio de Malvinas Argentinas (Provincia de Buenos Aires). En el espacio se trabaj\u00f3 la definici\u00f3n de discapacidad seg\u00fan la Organizaci\u00f3n Mundial de la Salud, qu\u00e9 es y qu\u00e9 prestaciones habilita el CUD, y su regulaci\u00f3n. Tambi\u00e9n se abord\u00f3 la importancia de renovar los certificados y la importancia de tenerlos actualizados entendiendo que la salud es un proceso din\u00e1mico.<\/p>\n\n\n\n<p>Adem\u00e1s, se trataron los problemas de accesibilidad a los espect\u00e1culos, la necesidad de colaboraci\u00f3n entre equipos terap\u00e9uticos, escuelas y familias, y la alta demanda que existe para las especialidades m\u00e9dicas.<\/p>\n\n\n\n<p>Esta propuesta es libre, gratuita y online, y se puede acceder a las grabaciones de los conversatorios desde nuestro canal de <a href=\"https:\/\/www.youtube.com\/user\/admargentina\">Youtube<\/a>.<\/p>\n\n\n\n<p>Si queres tener mayor informaci\u00f3n sobre el Ciclo de Charlas de ADM o sobre nuestras propuestas, podes seguirnos en nuestras redes sociales (<a href=\"https:\/\/www.instagram.com\/asociacion.distrofia.muscular\/\">Instagram<\/a>\/<a href=\"https:\/\/www.facebook.com\/adm.argentina\">Facebook<\/a>) o contactarnos por mail (info@adm.org.ar) o WhatsApp al 11 5663-7468\/11 3581-2795.<\/p>\n","protected":false},"excerpt":{"rendered":"<p>Este a\u00f1o iniciamos un ciclo de conversatorios que tiene como objetivo visibilizar, difundir y ampliar informaci\u00f3n de calidad y con claridad sobre temas de inter\u00e9s para la comunidad, no solo de enfermedades neuromusculares (ENM) sino tambi\u00e9n de personas con discapacidad no relacionadas con las ENM. Este proyecto se conform\u00f3 a ra\u00edz de las consultas m\u00e1s [&hellip;]<\/p>\n","protected":false},"author":2,"featured_media":7042,"comment_status":"closed","ping_status":"closed","sticky":false,"template":"","format":"standard","meta":{"_joinchat":[],"footnotes":""},"categories":[45,14],"tags":[55,56,49],"class_list":["post-7041","post","type-post","status-publish","format-standard","has-post-thumbnail","hentry","category-info","category-noticias","tag-certificado","tag-certificado-unico-de-discapacidad","tag-conversatorio"],"yoast_head":"<!-- This site is optimized with the Yoast SEO plugin v27.1.1 - https:\/\/yoast.com\/product\/yoast-seo-wordpress\/ -->\n<title>\u00a1Nos volvimos a encontrar en el Conversatorio! - ADM Argentina<\/title>\n<meta name=\"robots\" content=\"index, follow, max-snippet:-1, max-image-preview:large, max-video-preview:-1\" \/>\n<link rel=\"canonical\" href=\"https:\/\/adm.org.ar\/newsite\/nos-volvimos-a-encontrar-en-el-conversatorio\/\" \/>\n<meta property=\"og:locale\" content=\"es_ES\" \/>\n<meta property=\"og:type\" content=\"article\" \/>\n<meta property=\"og:title\" content=\"\u00a1Nos volvimos a encontrar en el Conversatorio! - ADM Argentina\" \/>\n<meta property=\"og:description\" content=\"Este a\u00f1o iniciamos un ciclo de conversatorios que tiene como objetivo visibilizar, difundir y ampliar informaci\u00f3n de calidad y con claridad sobre temas de inter\u00e9s para la comunidad, no solo de enfermedades neuromusculares (ENM) sino tambi\u00e9n de personas con discapacidad no relacionadas con las ENM. Este proyecto se conform\u00f3 a ra\u00edz de las consultas m\u00e1s [&hellip;]\" \/>\n<meta property=\"og:url\" content=\"https:\/\/adm.org.ar\/newsite\/nos-volvimos-a-encontrar-en-el-conversatorio\/\" \/>\n<meta property=\"og:site_name\" content=\"ADM Argentina\" \/>\n<meta property=\"article:publisher\" content=\"https:\/\/www.facebook.com\/adm.argentina\" \/>\n<meta property=\"article:published_time\" content=\"2024-07-31T02:11:32+00:00\" \/>\n<meta property=\"article:modified_time\" content=\"2024-07-31T02:12:25+00:00\" \/>\n<meta property=\"og:image\" content=\"https:\/\/adm.org.ar\/newsite\/wp-content\/uploads\/2024\/07\/WhatsApp-Image-2-conversatorio.jpeg\" \/>\n\t<meta property=\"og:image:width\" content=\"1600\" \/>\n\t<meta property=\"og:image:height\" content=\"1200\" \/>\n\t<meta property=\"og:image:type\" content=\"image\/jpeg\" \/>\n<meta name=\"author\" content=\"ADM Argentina\" \/>\n<meta name=\"twitter:card\" content=\"summary_large_image\" \/>\n<meta name=\"twitter:label1\" content=\"Escrito por\" \/>\n\t<meta name=\"twitter:data1\" content=\"ADM Argentina\" \/>\n\t<meta name=\"twitter:label2\" content=\"Tiempo de lectura\" \/>\n\t<meta name=\"twitter:data2\" content=\"2 minutos\" \/>\n<script type=\"application\/ld+json\" class=\"yoast-schema-graph\">{\"@context\":\"https:\/\/schema.org\",\"@graph\":[{\"@type\":\"Article\",\"@id\":\"https:\/\/adm.org.ar\/newsite\/nos-volvimos-a-encontrar-en-el-conversatorio\/#article\",\"isPartOf\":{\"@id\":\"https:\/\/adm.org.ar\/newsite\/nos-volvimos-a-encontrar-en-el-conversatorio\/\"},\"author\":{\"name\":\"ADM Argentina\",\"@id\":\"https:\/\/adm.org.ar\/newsite\/#\/schema\/person\/0af0fda8588cf6d50ba30373828b3a58\"},\"headline\":\"\u00a1Nos volvimos a encontrar en el Conversatorio!\",\"datePublished\":\"2024-07-31T02:11:32+00:00\",\"dateModified\":\"2024-07-31T02:12:25+00:00\",\"mainEntityOfPage\":{\"@id\":\"https:\/\/adm.org.ar\/newsite\/nos-volvimos-a-encontrar-en-el-conversatorio\/\"},\"wordCount\":296,\"publisher\":{\"@id\":\"https:\/\/adm.org.ar\/newsite\/#organization\"},\"image\":{\"@id\":\"https:\/\/adm.org.ar\/newsite\/nos-volvimos-a-encontrar-en-el-conversatorio\/#primaryimage\"},\"thumbnailUrl\":\"https:\/\/adm.org.ar\/newsite\/wp-content\/uploads\/2024\/07\/WhatsApp-Image-2-conversatorio.jpeg\",\"keywords\":[\"certificado\",\"certificado unico de discapacidad\",\"conversatorio\"],\"articleSection\":[\"Informaci\u00f3n\",\"Noticias\"],\"inLanguage\":\"es-AR\"},{\"@type\":\"WebPage\",\"@id\":\"https:\/\/adm.org.ar\/newsite\/nos-volvimos-a-encontrar-en-el-conversatorio\/\",\"url\":\"https:\/\/adm.org.ar\/newsite\/nos-volvimos-a-encontrar-en-el-conversatorio\/\",\"name\":\"\u00a1Nos volvimos a encontrar en el Conversatorio! - ADM Argentina\",\"isPartOf\":{\"@id\":\"https:\/\/adm.org.ar\/newsite\/#website\"},\"primaryImageOfPage\":{\"@id\":\"https:\/\/adm.org.ar\/newsite\/nos-volvimos-a-encontrar-en-el-conversatorio\/#primaryimage\"},\"image\":{\"@id\":\"https:\/\/adm.org.ar\/newsite\/nos-volvimos-a-encontrar-en-el-conversatorio\/#primaryimage\"},\"thumbnailUrl\":\"https:\/\/adm.org.ar\/newsite\/wp-content\/uploads\/2024\/07\/WhatsApp-Image-2-conversatorio.jpeg\",\"datePublished\":\"2024-07-31T02:11:32+00:00\",\"dateModified\":\"2024-07-31T02:12:25+00:00\",\"breadcrumb\":{\"@id\":\"https:\/\/adm.org.ar\/newsite\/nos-volvimos-a-encontrar-en-el-conversatorio\/#breadcrumb\"},\"inLanguage\":\"es-AR\",\"potentialAction\":[{\"@type\":\"ReadAction\",\"target\":[\"https:\/\/adm.org.ar\/newsite\/nos-volvimos-a-encontrar-en-el-conversatorio\/\"]}]},{\"@type\":\"ImageObject\",\"inLanguage\":\"es-AR\",\"@id\":\"https:\/\/adm.org.ar\/newsite\/nos-volvimos-a-encontrar-en-el-conversatorio\/#primaryimage\",\"url\":\"https:\/\/adm.org.ar\/newsite\/wp-content\/uploads\/2024\/07\/WhatsApp-Image-2-conversatorio.jpeg\",\"contentUrl\":\"https:\/\/adm.org.ar\/newsite\/wp-content\/uploads\/2024\/07\/WhatsApp-Image-2-conversatorio.jpeg\",\"width\":1600,\"height\":1200,\"caption\":\"Conversatorio 2 ADM\"},{\"@type\":\"BreadcrumbList\",\"@id\":\"https:\/\/adm.org.ar\/newsite\/nos-volvimos-a-encontrar-en-el-conversatorio\/#breadcrumb\",\"itemListElement\":[{\"@type\":\"ListItem\",\"position\":1,\"name\":\"Inicio\",\"item\":\"https:\/\/adm.org.ar\/newsite\/\"},{\"@type\":\"ListItem\",\"position\":2,\"name\":\"\u00a1Nos volvimos a encontrar en el Conversatorio!\"}]},{\"@type\":\"WebSite\",\"@id\":\"https:\/\/adm.org.ar\/newsite\/#website\",\"url\":\"https:\/\/adm.org.ar\/newsite\/\",\"name\":\"ADM Argentina\",\"description\":\"ADM Argentina\",\"publisher\":{\"@id\":\"https:\/\/adm.org.ar\/newsite\/#organization\"},\"potentialAction\":[{\"@type\":\"SearchAction\",\"target\":{\"@type\":\"EntryPoint\",\"urlTemplate\":\"https:\/\/adm.org.ar\/newsite\/?s={search_term_string}\"},\"query-input\":{\"@type\":\"PropertyValueSpecification\",\"valueRequired\":true,\"valueName\":\"search_term_string\"}}],\"inLanguage\":\"es-AR\"},{\"@type\":\"Organization\",\"@id\":\"https:\/\/adm.org.ar\/newsite\/#organization\",\"name\":\"ADM Argentina\",\"url\":\"https:\/\/adm.org.ar\/newsite\/\",\"logo\":{\"@type\":\"ImageObject\",\"inLanguage\":\"es-AR\",\"@id\":\"https:\/\/adm.org.ar\/newsite\/#\/schema\/logo\/image\/\",\"url\":\"https:\/\/adm.org.ar\/newsite\/wp-content\/uploads\/2023\/08\/ADM_Logo_2021.png\",\"contentUrl\":\"https:\/\/adm.org.ar\/newsite\/wp-content\/uploads\/2023\/08\/ADM_Logo_2021.png\",\"width\":882,\"height\":340,\"caption\":\"ADM Argentina\"},\"image\":{\"@id\":\"https:\/\/adm.org.ar\/newsite\/#\/schema\/logo\/image\/\"},\"sameAs\":[\"https:\/\/www.facebook.com\/adm.argentina\",\"https:\/\/www.youtube.com\/user\/admargentina\",\"https:\/\/www.instagram.com\/asociacion.distrofia.muscular\"]},{\"@type\":\"Person\",\"@id\":\"https:\/\/adm.org.ar\/newsite\/#\/schema\/person\/0af0fda8588cf6d50ba30373828b3a58\",\"name\":\"ADM Argentina\",\"image\":{\"@type\":\"ImageObject\",\"inLanguage\":\"es-AR\",\"@id\":\"https:\/\/adm.org.ar\/newsite\/#\/schema\/person\/image\/\",\"url\":\"https:\/\/secure.gravatar.com\/avatar\/fcfc6840083f4ec1d3d21d856a92f9192826da8ba88cf3178311deddea5c352d?s=96&d=mm&r=g\",\"contentUrl\":\"https:\/\/secure.gravatar.com\/avatar\/fcfc6840083f4ec1d3d21d856a92f9192826da8ba88cf3178311deddea5c352d?s=96&d=mm&r=g\",\"caption\":\"ADM Argentina\"},\"url\":\"https:\/\/adm.org.ar\/newsite\/author\/adm-argentina\/\"}]}<\/script>\n<!-- \/ Yoast SEO plugin. -->","yoast_head_json":{"title":"\u00a1Nos volvimos a encontrar en el Conversatorio! - ADM Argentina","robots":{"index":"index","follow":"follow","max-snippet":"max-snippet:-1","max-image-preview":"max-image-preview:large","max-video-preview":"max-video-preview:-1"},"canonical":"https:\/\/adm.org.ar\/newsite\/nos-volvimos-a-encontrar-en-el-conversatorio\/","og_locale":"es_ES","og_type":"article","og_title":"\u00a1Nos volvimos a encontrar en el Conversatorio! - ADM Argentina","og_description":"Este a\u00f1o iniciamos un ciclo de conversatorios que tiene como objetivo visibilizar, difundir y ampliar informaci\u00f3n de calidad y con claridad sobre temas de inter\u00e9s para la comunidad, no solo de enfermedades neuromusculares (ENM) sino tambi\u00e9n de personas con discapacidad no relacionadas con las ENM. Este proyecto se conform\u00f3 a ra\u00edz de las consultas m\u00e1s [&hellip;]","og_url":"https:\/\/adm.org.ar\/newsite\/nos-volvimos-a-encontrar-en-el-conversatorio\/","og_site_name":"ADM Argentina","article_publisher":"https:\/\/www.facebook.com\/adm.argentina","article_published_time":"2024-07-31T02:11:32+00:00","article_modified_time":"2024-07-31T02:12:25+00:00","og_image":[{"width":1600,"height":1200,"url":"https:\/\/adm.org.ar\/newsite\/wp-content\/uploads\/2024\/07\/WhatsApp-Image-2-conversatorio.jpeg","type":"image\/jpeg"}],"author":"ADM Argentina","twitter_card":"summary_large_image","twitter_misc":{"Escrito por":"ADM Argentina","Tiempo de lectura":"2 minutos"},"schema":{"@context":"https:\/\/schema.org","@graph":[{"@type":"Article","@id":"https:\/\/adm.org.ar\/newsite\/nos-volvimos-a-encontrar-en-el-conversatorio\/#article","isPartOf":{"@id":"https:\/\/adm.org.ar\/newsite\/nos-volvimos-a-encontrar-en-el-conversatorio\/"},"author":{"name":"ADM Argentina","@id":"https:\/\/adm.org.ar\/newsite\/#\/schema\/person\/0af0fda8588cf6d50ba30373828b3a58"},"headline":"\u00a1Nos volvimos a encontrar en el Conversatorio!","datePublished":"2024-07-31T02:11:32+00:00","dateModified":"2024-07-31T02:12:25+00:00","mainEntityOfPage":{"@id":"https:\/\/adm.org.ar\/newsite\/nos-volvimos-a-encontrar-en-el-conversatorio\/"},"wordCount":296,"publisher":{"@id":"https:\/\/adm.org.ar\/newsite\/#organization"},"image":{"@id":"https:\/\/adm.org.ar\/newsite\/nos-volvimos-a-encontrar-en-el-conversatorio\/#primaryimage"},"thumbnailUrl":"https:\/\/adm.org.ar\/newsite\/wp-content\/uploads\/2024\/07\/WhatsApp-Image-2-conversatorio.jpeg","keywords":["certificado","certificado unico de discapacidad","conversatorio"],"articleSection":["Informaci\u00f3n","Noticias"],"inLanguage":"es-AR"},{"@type":"WebPage","@id":"https:\/\/adm.org.ar\/newsite\/nos-volvimos-a-encontrar-en-el-conversatorio\/","url":"https:\/\/adm.org.ar\/newsite\/nos-volvimos-a-encontrar-en-el-conversatorio\/","name":"\u00a1Nos volvimos a encontrar en el Conversatorio! - ADM Argentina","isPartOf":{"@id":"https:\/\/adm.org.ar\/newsite\/#website"},"primaryImageOfPage":{"@id":"https:\/\/adm.org.ar\/newsite\/nos-volvimos-a-encontrar-en-el-conversatorio\/#primaryimage"},"image":{"@id":"https:\/\/adm.org.ar\/newsite\/nos-volvimos-a-encontrar-en-el-conversatorio\/#primaryimage"},"thumbnailUrl":"https:\/\/adm.org.ar\/newsite\/wp-content\/uploads\/2024\/07\/WhatsApp-Image-2-conversatorio.jpeg","datePublished":"2024-07-31T02:11:32+00:00","dateModified":"2024-07-31T02:12:25+00:00","breadcrumb":{"@id":"https:\/\/adm.org.ar\/newsite\/nos-volvimos-a-encontrar-en-el-conversatorio\/#breadcrumb"},"inLanguage":"es-AR","potentialAction":[{"@type":"ReadAction","target":["https:\/\/adm.org.ar\/newsite\/nos-volvimos-a-encontrar-en-el-conversatorio\/"]}]},{"@type":"ImageObject","inLanguage":"es-AR","@id":"https:\/\/adm.org.ar\/newsite\/nos-volvimos-a-encontrar-en-el-conversatorio\/#primaryimage","url":"https:\/\/adm.org.ar\/newsite\/wp-content\/uploads\/2024\/07\/WhatsApp-Image-2-conversatorio.jpeg","contentUrl":"https:\/\/adm.org.ar\/newsite\/wp-content\/uploads\/2024\/07\/WhatsApp-Image-2-conversatorio.jpeg","width":1600,"height":1200,"caption":"Conversatorio 2 ADM"},{"@type":"BreadcrumbList","@id":"https:\/\/adm.org.ar\/newsite\/nos-volvimos-a-encontrar-en-el-conversatorio\/#breadcrumb","itemListElement":[{"@type":"ListItem","position":1,"name":"Inicio","item":"https:\/\/adm.org.ar\/newsite\/"},{"@type":"ListItem","position":2,"name":"\u00a1Nos volvimos a encontrar en el Conversatorio!"}]},{"@type":"WebSite","@id":"https:\/\/adm.org.ar\/newsite\/#website","url":"https:\/\/adm.org.ar\/newsite\/","name":"ADM Argentina","description":"ADM Argentina","publisher":{"@id":"https:\/\/adm.org.ar\/newsite\/#organization"},"potentialAction":[{"@type":"SearchAction","target":{"@type":"EntryPoint","urlTemplate":"https:\/\/adm.org.ar\/newsite\/?s={search_term_string}"},"query-input":{"@type":"PropertyValueSpecification","valueRequired":true,"valueName":"search_term_string"}}],"inLanguage":"es-AR"},{"@type":"Organization","@id":"https:\/\/adm.org.ar\/newsite\/#organization","name":"ADM Argentina","url":"https:\/\/adm.org.ar\/newsite\/","logo":{"@type":"ImageObject","inLanguage":"es-AR","@id":"https:\/\/adm.org.ar\/newsite\/#\/schema\/logo\/image\/","url":"https:\/\/adm.org.ar\/newsite\/wp-content\/uploads\/2023\/08\/ADM_Logo_2021.png","contentUrl":"https:\/\/adm.org.ar\/newsite\/wp-content\/uploads\/2023\/08\/ADM_Logo_2021.png","width":882,"height":340,"caption":"ADM Argentina"},"image":{"@id":"https:\/\/adm.org.ar\/newsite\/#\/schema\/logo\/image\/"},"sameAs":["https:\/\/www.facebook.com\/adm.argentina","https:\/\/www.youtube.com\/user\/admargentina","https:\/\/www.instagram.com\/asociacion.distrofia.muscular"]},{"@type":"Person","@id":"https:\/\/adm.org.ar\/newsite\/#\/schema\/person\/0af0fda8588cf6d50ba30373828b3a58","name":"ADM Argentina","image":{"@type":"ImageObject","inLanguage":"es-AR","@id":"https:\/\/adm.org.ar\/newsite\/#\/schema\/person\/image\/","url":"https:\/\/secure.gravatar.com\/avatar\/fcfc6840083f4ec1d3d21d856a92f9192826da8ba88cf3178311deddea5c352d?s=96&d=mm&r=g","contentUrl":"https:\/\/secure.gravatar.com\/avatar\/fcfc6840083f4ec1d3d21d856a92f9192826da8ba88cf3178311deddea5c352d?s=96&d=mm&r=g","caption":"ADM Argentina"},"url":"https:\/\/adm.org.ar\/newsite\/author\/adm-argentina\/"}]}},"_links":{"self":[{"href":"https:\/\/adm.org.ar\/newsite\/wp-json\/wp\/v2\/posts\/7041","targetHints":{"allow":["GET"]}}],"collection":[{"href":"https:\/\/adm.org.ar\/newsite\/wp-json\/wp\/v2\/posts"}],"about":[{"href":"https:\/\/adm.org.ar\/newsite\/wp-json\/wp\/v2\/types\/post"}],"author":[{"embeddable":true,"href":"https:\/\/adm.org.ar\/newsite\/wp-json\/wp\/v2\/users\/2"}],"replies":[{"embeddable":true,"href":"https:\/\/adm.org.ar\/newsite\/wp-json\/wp\/v2\/comments?post=7041"}],"version-history":[{"count":1,"href":"https:\/\/adm.org.ar\/newsite\/wp-json\/wp\/v2\/posts\/7041\/revisions"}],"predecessor-version":[{"id":7043,"href":"https:\/\/adm.org.ar\/newsite\/wp-json\/wp\/v2\/posts\/7041\/revisions\/7043"}],"wp:featuredmedia":[{"embeddable":true,"href":"https:\/\/adm.org.ar\/newsite\/wp-json\/wp\/v2\/media\/7042"}],"wp:attachment":[{"href":"https:\/\/adm.org.ar\/newsite\/wp-json\/wp\/v2\/media?parent=7041"}],"wp:term":[{"taxonomy":"category","embeddable":true,"href":"https:\/\/adm.org.ar\/newsite\/wp-json\/wp\/v2\/categories?post=7041"},{"taxonomy":"post_tag","embeddable":true,"href":"https:\/\/adm.org.ar\/newsite\/wp-json\/wp\/v2\/tags?post=7041"}],"curies":[{"name":"wp","href":"https:\/\/api.w.org\/{rel}","templated":true}]}}