{"id":7036,"date":"2024-07-30T23:08:50","date_gmt":"2024-07-31T02:08:50","guid":{"rendered":"https:\/\/adm.org.ar\/newsite\/?p=7036"},"modified":"2024-07-30T23:12:21","modified_gmt":"2024-07-31T02:12:21","slug":"lanzamos-el-ciclo-de-charlas-de-adm","status":"publish","type":"post","link":"https:\/\/adm.org.ar\/newsite\/lanzamos-el-ciclo-de-charlas-de-adm\/","title":{"rendered":"Lanzamos el \u201cCiclo de charlas de ADM\u201d"},"content":{"rendered":"\n<p>Este a\u00f1o iniciamos un ciclo de conversatorios que tiene como objetivo visibilizar, difundir y ampliar informaci\u00f3n de calidad y con claridad sobre temas de inter\u00e9s para la comunidad, no solo de enfermedades neuromusculares (ENM) sino tambi\u00e9n de personas con discapacidad no relacionadas con las ENM. Este proyecto se conform\u00f3 a ra\u00edz de las consultas m\u00e1s frecuentes recibidas a trav\u00e9s de los canales de comunicaci\u00f3n habilitados, y tiene como objetivo abrir un espacio de difusi\u00f3n de informaci\u00f3n y reflexi\u00f3n, en donde podamos conocer y pensar en los desaf\u00edos de la actualidad.<\/p>\n\n\n<figure class=\"wp-block-post-featured-image\"><img fetchpriority=\"high\" decoding=\"async\" width=\"1600\" height=\"858\" src=\"https:\/\/adm.org.ar\/newsite\/wp-content\/uploads\/2024\/07\/WhatsApp-Image-1-conversatorio.jpeg\" class=\"attachment-post-thumbnail size-post-thumbnail wp-post-image\" alt=\"Conversatorio 1 ADM\" style=\"object-fit:cover;\" srcset=\"https:\/\/adm.org.ar\/newsite\/wp-content\/uploads\/2024\/07\/WhatsApp-Image-1-conversatorio.jpeg 1600w, https:\/\/adm.org.ar\/newsite\/wp-content\/uploads\/2024\/07\/WhatsApp-Image-1-conversatorio-300x161.jpeg 300w, https:\/\/adm.org.ar\/newsite\/wp-content\/uploads\/2024\/07\/WhatsApp-Image-1-conversatorio-1024x549.jpeg 1024w, https:\/\/adm.org.ar\/newsite\/wp-content\/uploads\/2024\/07\/WhatsApp-Image-1-conversatorio-768x412.jpeg 768w, https:\/\/adm.org.ar\/newsite\/wp-content\/uploads\/2024\/07\/WhatsApp-Image-1-conversatorio-1536x824.jpeg 1536w\" sizes=\"(max-width: 1600px) 100vw, 1600px\" \/><\/figure>\n\n\n<p>En el primer conversatorio, <em>\u201cDiscapacidad y acceso a derechos\u201d, <\/em>pudimos abordar todo lo relacionado al marco legal vigente, conocimos los entes que regulan el cumplimiento de las leyes y brindamos herramientas para el inicio de reclamos por prestaciones de salud incumplidas. En esta oportunidad, participaron m\u00e1s de 50 personas de todo el pa\u00eds y contamos con el asesoramiento y apoyo de la Lic. Bel\u00e9n Arcucci, coordinadora del programa Derechos de las Personas con Discapacidad y del Dr. Eduardo Quiroga, abogado, ambos pertenecientes a la Asociaci\u00f3n Civil por la Igualdad y la Justicia (ACIJ).<\/p>\n\n\n\n<p>Esta propuesta es libre, gratuita y online, y se puede acceder a las grabaciones de los conversatorios desde nuestro canal de <a href=\"https:\/\/www.youtube.com\/user\/admargentina\">Youtube<\/a>.<\/p>\n\n\n\n<p>Si queres tener mayor informaci\u00f3n sobre el Ciclo de Charlas de ADM o sobre nuestras propuestas, podes seguirnos en nuestras redes sociales (<a href=\"https:\/\/www.instagram.com\/asociacion.distrofia.muscular\/\">Instagram<\/a>\/<a href=\"https:\/\/www.facebook.com\/adm.argentina\">Facebook<\/a>) o contactarnos por mail (info@adm.org.ar) o WhatsApp al 11 5663-7468\/11 3581-2795.<\/p>\n","protected":false},"excerpt":{"rendered":"<p>Este a\u00f1o iniciamos un ciclo de conversatorios que tiene como objetivo visibilizar, difundir y ampliar informaci\u00f3n de calidad y con claridad sobre temas de inter\u00e9s para la comunidad, no solo de enfermedades neuromusculares (ENM) sino tambi\u00e9n de personas con discapacidad no relacionadas con las ENM. Este proyecto se conform\u00f3 a ra\u00edz de las consultas m\u00e1s [&hellip;]<\/p>\n","protected":false},"author":2,"featured_media":7037,"comment_status":"closed","ping_status":"closed","sticky":false,"template":"","format":"standard","meta":{"_joinchat":[],"footnotes":""},"categories":[14,1],"tags":[53,51,50,49,54,52],"class_list":["post-7036","post","type-post","status-publish","format-standard","has-post-thumbnail","hentry","category-noticias","category-sin-categoria","tag-acceso","tag-adm","tag-charla","tag-conversatorio","tag-derechos","tag-discapacidad"],"yoast_head":"<!-- This site is optimized with the Yoast SEO plugin v27.1.1 - https:\/\/yoast.com\/product\/yoast-seo-wordpress\/ -->\n<title>Lanzamos el \u201cCiclo de charlas de ADM\u201d - ADM Argentina<\/title>\n<meta name=\"robots\" content=\"index, follow, max-snippet:-1, max-image-preview:large, max-video-preview:-1\" \/>\n<link rel=\"canonical\" href=\"https:\/\/adm.org.ar\/newsite\/lanzamos-el-ciclo-de-charlas-de-adm\/\" \/>\n<meta property=\"og:locale\" content=\"es_ES\" \/>\n<meta property=\"og:type\" content=\"article\" \/>\n<meta property=\"og:title\" content=\"Lanzamos el \u201cCiclo de charlas de ADM\u201d - ADM Argentina\" \/>\n<meta property=\"og:description\" content=\"Este a\u00f1o iniciamos un ciclo de conversatorios que tiene como objetivo visibilizar, difundir y ampliar informaci\u00f3n de calidad y con claridad sobre temas de inter\u00e9s para la comunidad, no solo de enfermedades neuromusculares (ENM) sino tambi\u00e9n de personas con discapacidad no relacionadas con las ENM. Este proyecto se conform\u00f3 a ra\u00edz de las consultas m\u00e1s [&hellip;]\" \/>\n<meta property=\"og:url\" content=\"https:\/\/adm.org.ar\/newsite\/lanzamos-el-ciclo-de-charlas-de-adm\/\" \/>\n<meta property=\"og:site_name\" content=\"ADM Argentina\" \/>\n<meta property=\"article:publisher\" content=\"https:\/\/www.facebook.com\/adm.argentina\" \/>\n<meta property=\"article:published_time\" content=\"2024-07-31T02:08:50+00:00\" \/>\n<meta property=\"article:modified_time\" content=\"2024-07-31T02:12:21+00:00\" \/>\n<meta property=\"og:image\" content=\"https:\/\/adm.org.ar\/newsite\/wp-content\/uploads\/2024\/07\/WhatsApp-Image-1-conversatorio.jpeg\" \/>\n\t<meta property=\"og:image:width\" content=\"1600\" \/>\n\t<meta property=\"og:image:height\" content=\"858\" \/>\n\t<meta property=\"og:image:type\" content=\"image\/jpeg\" \/>\n<meta name=\"author\" content=\"ADM Argentina\" \/>\n<meta name=\"twitter:card\" content=\"summary_large_image\" \/>\n<meta name=\"twitter:label1\" content=\"Escrito por\" \/>\n\t<meta name=\"twitter:data1\" content=\"ADM Argentina\" \/>\n\t<meta name=\"twitter:label2\" content=\"Tiempo de lectura\" \/>\n\t<meta name=\"twitter:data2\" content=\"2 minutos\" \/>\n<script type=\"application\/ld+json\" class=\"yoast-schema-graph\">{\"@context\":\"https:\/\/schema.org\",\"@graph\":[{\"@type\":\"Article\",\"@id\":\"https:\/\/adm.org.ar\/newsite\/lanzamos-el-ciclo-de-charlas-de-adm\/#article\",\"isPartOf\":{\"@id\":\"https:\/\/adm.org.ar\/newsite\/lanzamos-el-ciclo-de-charlas-de-adm\/\"},\"author\":{\"name\":\"ADM Argentina\",\"@id\":\"https:\/\/adm.org.ar\/newsite\/#\/schema\/person\/0af0fda8588cf6d50ba30373828b3a58\"},\"headline\":\"Lanzamos el \u201cCiclo de charlas de ADM\u201d\",\"datePublished\":\"2024-07-31T02:08:50+00:00\",\"dateModified\":\"2024-07-31T02:12:21+00:00\",\"mainEntityOfPage\":{\"@id\":\"https:\/\/adm.org.ar\/newsite\/lanzamos-el-ciclo-de-charlas-de-adm\/\"},\"wordCount\":265,\"publisher\":{\"@id\":\"https:\/\/adm.org.ar\/newsite\/#organization\"},\"image\":{\"@id\":\"https:\/\/adm.org.ar\/newsite\/lanzamos-el-ciclo-de-charlas-de-adm\/#primaryimage\"},\"thumbnailUrl\":\"https:\/\/adm.org.ar\/newsite\/wp-content\/uploads\/2024\/07\/WhatsApp-Image-1-conversatorio.jpeg\",\"keywords\":[\"acceso\",\"adm\",\"charla\",\"conversatorio\",\"derechos\",\"discapacidad\"],\"articleSection\":[\"Noticias\"],\"inLanguage\":\"es-AR\"},{\"@type\":\"WebPage\",\"@id\":\"https:\/\/adm.org.ar\/newsite\/lanzamos-el-ciclo-de-charlas-de-adm\/\",\"url\":\"https:\/\/adm.org.ar\/newsite\/lanzamos-el-ciclo-de-charlas-de-adm\/\",\"name\":\"Lanzamos el \u201cCiclo de charlas de ADM\u201d - ADM Argentina\",\"isPartOf\":{\"@id\":\"https:\/\/adm.org.ar\/newsite\/#website\"},\"primaryImageOfPage\":{\"@id\":\"https:\/\/adm.org.ar\/newsite\/lanzamos-el-ciclo-de-charlas-de-adm\/#primaryimage\"},\"image\":{\"@id\":\"https:\/\/adm.org.ar\/newsite\/lanzamos-el-ciclo-de-charlas-de-adm\/#primaryimage\"},\"thumbnailUrl\":\"https:\/\/adm.org.ar\/newsite\/wp-content\/uploads\/2024\/07\/WhatsApp-Image-1-conversatorio.jpeg\",\"datePublished\":\"2024-07-31T02:08:50+00:00\",\"dateModified\":\"2024-07-31T02:12:21+00:00\",\"breadcrumb\":{\"@id\":\"https:\/\/adm.org.ar\/newsite\/lanzamos-el-ciclo-de-charlas-de-adm\/#breadcrumb\"},\"inLanguage\":\"es-AR\",\"potentialAction\":[{\"@type\":\"ReadAction\",\"target\":[\"https:\/\/adm.org.ar\/newsite\/lanzamos-el-ciclo-de-charlas-de-adm\/\"]}]},{\"@type\":\"ImageObject\",\"inLanguage\":\"es-AR\",\"@id\":\"https:\/\/adm.org.ar\/newsite\/lanzamos-el-ciclo-de-charlas-de-adm\/#primaryimage\",\"url\":\"https:\/\/adm.org.ar\/newsite\/wp-content\/uploads\/2024\/07\/WhatsApp-Image-1-conversatorio.jpeg\",\"contentUrl\":\"https:\/\/adm.org.ar\/newsite\/wp-content\/uploads\/2024\/07\/WhatsApp-Image-1-conversatorio.jpeg\",\"width\":1600,\"height\":858,\"caption\":\"Conversatorio 1 ADM\"},{\"@type\":\"BreadcrumbList\",\"@id\":\"https:\/\/adm.org.ar\/newsite\/lanzamos-el-ciclo-de-charlas-de-adm\/#breadcrumb\",\"itemListElement\":[{\"@type\":\"ListItem\",\"position\":1,\"name\":\"Inicio\",\"item\":\"https:\/\/adm.org.ar\/newsite\/\"},{\"@type\":\"ListItem\",\"position\":2,\"name\":\"Lanzamos el \u201cCiclo de charlas de ADM\u201d\"}]},{\"@type\":\"WebSite\",\"@id\":\"https:\/\/adm.org.ar\/newsite\/#website\",\"url\":\"https:\/\/adm.org.ar\/newsite\/\",\"name\":\"ADM Argentina\",\"description\":\"ADM Argentina\",\"publisher\":{\"@id\":\"https:\/\/adm.org.ar\/newsite\/#organization\"},\"potentialAction\":[{\"@type\":\"SearchAction\",\"target\":{\"@type\":\"EntryPoint\",\"urlTemplate\":\"https:\/\/adm.org.ar\/newsite\/?s={search_term_string}\"},\"query-input\":{\"@type\":\"PropertyValueSpecification\",\"valueRequired\":true,\"valueName\":\"search_term_string\"}}],\"inLanguage\":\"es-AR\"},{\"@type\":\"Organization\",\"@id\":\"https:\/\/adm.org.ar\/newsite\/#organization\",\"name\":\"ADM Argentina\",\"url\":\"https:\/\/adm.org.ar\/newsite\/\",\"logo\":{\"@type\":\"ImageObject\",\"inLanguage\":\"es-AR\",\"@id\":\"https:\/\/adm.org.ar\/newsite\/#\/schema\/logo\/image\/\",\"url\":\"https:\/\/adm.org.ar\/newsite\/wp-content\/uploads\/2023\/08\/ADM_Logo_2021.png\",\"contentUrl\":\"https:\/\/adm.org.ar\/newsite\/wp-content\/uploads\/2023\/08\/ADM_Logo_2021.png\",\"width\":882,\"height\":340,\"caption\":\"ADM Argentina\"},\"image\":{\"@id\":\"https:\/\/adm.org.ar\/newsite\/#\/schema\/logo\/image\/\"},\"sameAs\":[\"https:\/\/www.facebook.com\/adm.argentina\",\"https:\/\/www.youtube.com\/user\/admargentina\",\"https:\/\/www.instagram.com\/asociacion.distrofia.muscular\"]},{\"@type\":\"Person\",\"@id\":\"https:\/\/adm.org.ar\/newsite\/#\/schema\/person\/0af0fda8588cf6d50ba30373828b3a58\",\"name\":\"ADM Argentina\",\"image\":{\"@type\":\"ImageObject\",\"inLanguage\":\"es-AR\",\"@id\":\"https:\/\/adm.org.ar\/newsite\/#\/schema\/person\/image\/\",\"url\":\"https:\/\/secure.gravatar.com\/avatar\/fcfc6840083f4ec1d3d21d856a92f9192826da8ba88cf3178311deddea5c352d?s=96&d=mm&r=g\",\"contentUrl\":\"https:\/\/secure.gravatar.com\/avatar\/fcfc6840083f4ec1d3d21d856a92f9192826da8ba88cf3178311deddea5c352d?s=96&d=mm&r=g\",\"caption\":\"ADM Argentina\"},\"url\":\"https:\/\/adm.org.ar\/newsite\/author\/adm-argentina\/\"}]}<\/script>\n<!-- \/ Yoast SEO plugin. -->","yoast_head_json":{"title":"Lanzamos el \u201cCiclo de charlas de ADM\u201d - ADM Argentina","robots":{"index":"index","follow":"follow","max-snippet":"max-snippet:-1","max-image-preview":"max-image-preview:large","max-video-preview":"max-video-preview:-1"},"canonical":"https:\/\/adm.org.ar\/newsite\/lanzamos-el-ciclo-de-charlas-de-adm\/","og_locale":"es_ES","og_type":"article","og_title":"Lanzamos el \u201cCiclo de charlas de ADM\u201d - ADM Argentina","og_description":"Este a\u00f1o iniciamos un ciclo de conversatorios que tiene como objetivo visibilizar, difundir y ampliar informaci\u00f3n de calidad y con claridad sobre temas de inter\u00e9s para la comunidad, no solo de enfermedades neuromusculares (ENM) sino tambi\u00e9n de personas con discapacidad no relacionadas con las ENM. Este proyecto se conform\u00f3 a ra\u00edz de las consultas m\u00e1s [&hellip;]","og_url":"https:\/\/adm.org.ar\/newsite\/lanzamos-el-ciclo-de-charlas-de-adm\/","og_site_name":"ADM Argentina","article_publisher":"https:\/\/www.facebook.com\/adm.argentina","article_published_time":"2024-07-31T02:08:50+00:00","article_modified_time":"2024-07-31T02:12:21+00:00","og_image":[{"width":1600,"height":858,"url":"https:\/\/adm.org.ar\/newsite\/wp-content\/uploads\/2024\/07\/WhatsApp-Image-1-conversatorio.jpeg","type":"image\/jpeg"}],"author":"ADM Argentina","twitter_card":"summary_large_image","twitter_misc":{"Escrito por":"ADM Argentina","Tiempo de lectura":"2 minutos"},"schema":{"@context":"https:\/\/schema.org","@graph":[{"@type":"Article","@id":"https:\/\/adm.org.ar\/newsite\/lanzamos-el-ciclo-de-charlas-de-adm\/#article","isPartOf":{"@id":"https:\/\/adm.org.ar\/newsite\/lanzamos-el-ciclo-de-charlas-de-adm\/"},"author":{"name":"ADM Argentina","@id":"https:\/\/adm.org.ar\/newsite\/#\/schema\/person\/0af0fda8588cf6d50ba30373828b3a58"},"headline":"Lanzamos el \u201cCiclo de charlas de ADM\u201d","datePublished":"2024-07-31T02:08:50+00:00","dateModified":"2024-07-31T02:12:21+00:00","mainEntityOfPage":{"@id":"https:\/\/adm.org.ar\/newsite\/lanzamos-el-ciclo-de-charlas-de-adm\/"},"wordCount":265,"publisher":{"@id":"https:\/\/adm.org.ar\/newsite\/#organization"},"image":{"@id":"https:\/\/adm.org.ar\/newsite\/lanzamos-el-ciclo-de-charlas-de-adm\/#primaryimage"},"thumbnailUrl":"https:\/\/adm.org.ar\/newsite\/wp-content\/uploads\/2024\/07\/WhatsApp-Image-1-conversatorio.jpeg","keywords":["acceso","adm","charla","conversatorio","derechos","discapacidad"],"articleSection":["Noticias"],"inLanguage":"es-AR"},{"@type":"WebPage","@id":"https:\/\/adm.org.ar\/newsite\/lanzamos-el-ciclo-de-charlas-de-adm\/","url":"https:\/\/adm.org.ar\/newsite\/lanzamos-el-ciclo-de-charlas-de-adm\/","name":"Lanzamos el \u201cCiclo de charlas de ADM\u201d - ADM Argentina","isPartOf":{"@id":"https:\/\/adm.org.ar\/newsite\/#website"},"primaryImageOfPage":{"@id":"https:\/\/adm.org.ar\/newsite\/lanzamos-el-ciclo-de-charlas-de-adm\/#primaryimage"},"image":{"@id":"https:\/\/adm.org.ar\/newsite\/lanzamos-el-ciclo-de-charlas-de-adm\/#primaryimage"},"thumbnailUrl":"https:\/\/adm.org.ar\/newsite\/wp-content\/uploads\/2024\/07\/WhatsApp-Image-1-conversatorio.jpeg","datePublished":"2024-07-31T02:08:50+00:00","dateModified":"2024-07-31T02:12:21+00:00","breadcrumb":{"@id":"https:\/\/adm.org.ar\/newsite\/lanzamos-el-ciclo-de-charlas-de-adm\/#breadcrumb"},"inLanguage":"es-AR","potentialAction":[{"@type":"ReadAction","target":["https:\/\/adm.org.ar\/newsite\/lanzamos-el-ciclo-de-charlas-de-adm\/"]}]},{"@type":"ImageObject","inLanguage":"es-AR","@id":"https:\/\/adm.org.ar\/newsite\/lanzamos-el-ciclo-de-charlas-de-adm\/#primaryimage","url":"https:\/\/adm.org.ar\/newsite\/wp-content\/uploads\/2024\/07\/WhatsApp-Image-1-conversatorio.jpeg","contentUrl":"https:\/\/adm.org.ar\/newsite\/wp-content\/uploads\/2024\/07\/WhatsApp-Image-1-conversatorio.jpeg","width":1600,"height":858,"caption":"Conversatorio 1 ADM"},{"@type":"BreadcrumbList","@id":"https:\/\/adm.org.ar\/newsite\/lanzamos-el-ciclo-de-charlas-de-adm\/#breadcrumb","itemListElement":[{"@type":"ListItem","position":1,"name":"Inicio","item":"https:\/\/adm.org.ar\/newsite\/"},{"@type":"ListItem","position":2,"name":"Lanzamos el \u201cCiclo de charlas de ADM\u201d"}]},{"@type":"WebSite","@id":"https:\/\/adm.org.ar\/newsite\/#website","url":"https:\/\/adm.org.ar\/newsite\/","name":"ADM Argentina","description":"ADM Argentina","publisher":{"@id":"https:\/\/adm.org.ar\/newsite\/#organization"},"potentialAction":[{"@type":"SearchAction","target":{"@type":"EntryPoint","urlTemplate":"https:\/\/adm.org.ar\/newsite\/?s={search_term_string}"},"query-input":{"@type":"PropertyValueSpecification","valueRequired":true,"valueName":"search_term_string"}}],"inLanguage":"es-AR"},{"@type":"Organization","@id":"https:\/\/adm.org.ar\/newsite\/#organization","name":"ADM Argentina","url":"https:\/\/adm.org.ar\/newsite\/","logo":{"@type":"ImageObject","inLanguage":"es-AR","@id":"https:\/\/adm.org.ar\/newsite\/#\/schema\/logo\/image\/","url":"https:\/\/adm.org.ar\/newsite\/wp-content\/uploads\/2023\/08\/ADM_Logo_2021.png","contentUrl":"https:\/\/adm.org.ar\/newsite\/wp-content\/uploads\/2023\/08\/ADM_Logo_2021.png","width":882,"height":340,"caption":"ADM Argentina"},"image":{"@id":"https:\/\/adm.org.ar\/newsite\/#\/schema\/logo\/image\/"},"sameAs":["https:\/\/www.facebook.com\/adm.argentina","https:\/\/www.youtube.com\/user\/admargentina","https:\/\/www.instagram.com\/asociacion.distrofia.muscular"]},{"@type":"Person","@id":"https:\/\/adm.org.ar\/newsite\/#\/schema\/person\/0af0fda8588cf6d50ba30373828b3a58","name":"ADM Argentina","image":{"@type":"ImageObject","inLanguage":"es-AR","@id":"https:\/\/adm.org.ar\/newsite\/#\/schema\/person\/image\/","url":"https:\/\/secure.gravatar.com\/avatar\/fcfc6840083f4ec1d3d21d856a92f9192826da8ba88cf3178311deddea5c352d?s=96&d=mm&r=g","contentUrl":"https:\/\/secure.gravatar.com\/avatar\/fcfc6840083f4ec1d3d21d856a92f9192826da8ba88cf3178311deddea5c352d?s=96&d=mm&r=g","caption":"ADM Argentina"},"url":"https:\/\/adm.org.ar\/newsite\/author\/adm-argentina\/"}]}},"_links":{"self":[{"href":"https:\/\/adm.org.ar\/newsite\/wp-json\/wp\/v2\/posts\/7036","targetHints":{"allow":["GET"]}}],"collection":[{"href":"https:\/\/adm.org.ar\/newsite\/wp-json\/wp\/v2\/posts"}],"about":[{"href":"https:\/\/adm.org.ar\/newsite\/wp-json\/wp\/v2\/types\/post"}],"author":[{"embeddable":true,"href":"https:\/\/adm.org.ar\/newsite\/wp-json\/wp\/v2\/users\/2"}],"replies":[{"embeddable":true,"href":"https:\/\/adm.org.ar\/newsite\/wp-json\/wp\/v2\/comments?post=7036"}],"version-history":[{"count":2,"href":"https:\/\/adm.org.ar\/newsite\/wp-json\/wp\/v2\/posts\/7036\/revisions"}],"predecessor-version":[{"id":7040,"href":"https:\/\/adm.org.ar\/newsite\/wp-json\/wp\/v2\/posts\/7036\/revisions\/7040"}],"wp:featuredmedia":[{"embeddable":true,"href":"https:\/\/adm.org.ar\/newsite\/wp-json\/wp\/v2\/media\/7037"}],"wp:attachment":[{"href":"https:\/\/adm.org.ar\/newsite\/wp-json\/wp\/v2\/media?parent=7036"}],"wp:term":[{"taxonomy":"category","embeddable":true,"href":"https:\/\/adm.org.ar\/newsite\/wp-json\/wp\/v2\/categories?post=7036"},{"taxonomy":"post_tag","embeddable":true,"href":"https:\/\/adm.org.ar\/newsite\/wp-json\/wp\/v2\/tags?post=7036"}],"curies":[{"name":"wp","href":"https:\/\/api.w.org\/{rel}","templated":true}]}}